{"id":908,"date":"2022-04-11T12:42:45","date_gmt":"2022-04-11T15:42:45","guid":{"rendered":"https:\/\/www.cdcipolletti.gob.ar\/?p=908"},"modified":"2022-04-11T12:47:53","modified_gmt":"2022-04-11T15:47:53","slug":"la-comision-de-desarrollo-humano-y-familia-declaro-intereses-municipales","status":"publish","type":"post","link":"https:\/\/www.cdcipolletti.gob.ar\/?p=908","title":{"rendered":"LA COMISI\u00d3N DE DESARROLLO HUMANO Y FAMILIA DECLAR\u00d3 INTERESES MUNICIPALES"},"content":{"rendered":"<p>Este jueves 7 de abril, desde las 9hs, se reuni\u00f3 la <strong>Comisi\u00f3n de Desarrollo Humano y Familia<\/strong>, presidida por la Concejal <strong>Flavia Boschi<\/strong> (bloque Juntos Por El Cambio).<\/p>\n<p>Estuvieron presentes la <strong>Presidenta del Concejo Deliberante<\/strong>, <strong>Silvana Larralde<\/strong>, las Concejales <strong>In\u00e9s Parra Mart\u00ednez<\/strong> y <strong>Lorena Yense<\/strong>n, del bloque Juntos Somos R\u00edo Negro, y la Concejala <strong>Victoria Alfonso<\/strong>, del bloque Frente de Todos.<\/p>\n<p>Se trataron, y aprobaron por unanimidad, declaraciones de inter\u00e9s municipales de:<\/p>\n<ol>\n<li>El circuito tur\u00edstico &#8220;Los Durmientes que despertaron el Valle&#8221;, destinado a alumnos de Escuelas Primarias de Cipolletti;<\/li>\n<li>El centenario de la construcci\u00f3n de la escuela primaria N\u00b0 53;<\/li>\n<li>La trayectoria deportiva de la atleta cipole\u00f1a Martina Escudero;<\/li>\n<li>El 1\u00b0 Congreso Internacional de Justicia Constitucional y Derechos Humanos, que se desarrollar\u00e1 en nuestra ciudad;<\/li>\n<li>Las actividades en el marco del evento federal G\u00fcemes 200+1.<\/li>\n<\/ol>\n","protected":false},"excerpt":{"rendered":"<p>Este jueves 7 de abril, desde las 9hs, se reuni\u00f3 la Comisi\u00f3n de Desarrollo Humano y Familia, presidida por la Concejal Flavia Boschi (bloque Juntos Por El Cambio). Estuvieron presentes la Presidenta del Concejo Deliberante, Silvana Larralde, las Concejales In\u00e9s Parra Mart\u00ednez y Lorena Yensen, del bloque Juntos Somos R\u00edo Negro, y la Concejala Victoria &hellip; <\/p>\n<p class=\"link-more\"><a href=\"https:\/\/www.cdcipolletti.gob.ar\/?p=908\" class=\"more-link\">more<span class=\"screen-reader-text\"> &#8220;LA COMISI\u00d3N DE DESARROLLO HUMANO Y FAMILIA DECLAR\u00d3 INTERESES MUNICIPALES&#8221;<\/span><\/a><\/p>\n","protected":false},"author":5,"featured_media":910,"comment_status":"closed","ping_status":"closed","sticky":false,"template":"","format":"standard","meta":[],"categories":[1],"tags":[30,37,36],"_links":{"self":[{"href":"https:\/\/www.cdcipolletti.gob.ar\/index.php?rest_route=\/wp\/v2\/posts\/908"}],"collection":[{"href":"https:\/\/www.cdcipolletti.gob.ar\/index.php?rest_route=\/wp\/v2\/posts"}],"about":[{"href":"https:\/\/www.cdcipolletti.gob.ar\/index.php?rest_route=\/wp\/v2\/types\/post"}],"author":[{"embeddable":true,"href":"https:\/\/www.cdcipolletti.gob.ar\/index.php?rest_route=\/wp\/v2\/users\/5"}],"replies":[{"embeddable":true,"href":"https:\/\/www.cdcipolletti.gob.ar\/index.php?rest_route=%2Fwp%2Fv2%2Fcomments&post=908"}],"version-history":[{"count":4,"href":"https:\/\/www.cdcipolletti.gob.ar\/index.php?rest_route=\/wp\/v2\/posts\/908\/revisions"}],"predecessor-version":[{"id":914,"href":"https:\/\/www.cdcipolletti.gob.ar\/index.php?rest_route=\/wp\/v2\/posts\/908\/revisions\/914"}],"wp:featuredmedia":[{"embeddable":true,"href":"https:\/\/www.cdcipolletti.gob.ar\/index.php?rest_route=\/wp\/v2\/media\/910"}],"wp:attachment":[{"href":"https:\/\/www.cdcipolletti.gob.ar\/index.php?rest_route=%2Fwp%2Fv2%2Fmedia&parent=908"}],"wp:term":[{"taxonomy":"category","embeddable":true,"href":"https:\/\/www.cdcipolletti.gob.ar\/index.php?rest_route=%2Fwp%2Fv2%2Fcategories&post=908"},{"taxonomy":"post_tag","embeddable":true,"href":"https:\/\/www.cdcipolletti.gob.ar\/index.php?rest_route=%2Fwp%2Fv2%2Ftags&post=908"}],"curies":[{"name":"wp","href":"https:\/\/api.w.org\/{rel}","templated":true}]}}