{"id":761,"date":"2021-11-09T14:10:36","date_gmt":"2021-11-09T17:10:36","guid":{"rendered":"https:\/\/www.cdcipolletti.gob.ar\/?p=761"},"modified":"2021-11-09T14:47:44","modified_gmt":"2021-11-09T17:47:44","slug":"concejales-se-sumaron-al-reconocimiento-a-empleados-municipales","status":"publish","type":"post","link":"https:\/\/www.cdcipolletti.gob.ar\/?p=761","title":{"rendered":"CONCEJALES SE SUMARON AL RECONOCIMIENTO A EMPLEADOS MUNICIPALES"},"content":{"rendered":"<div class=\"gs\">\n<div class=\"\">\n<div id=\":24i\" class=\"ii gt\">\n<div id=\":24h\" class=\"a3s aiL \">\n<div dir=\"ltr\">\n<div>\n<div dir=\"ltr\" data-smartmail=\"gmail_signature\">\n<div dir=\"ltr\">\n<p dir=\"ltr\">La presidenta del Poder Legislativo, Silvana Larralde, junto al intendente Claudio Di Tella encabezaron el acto de entrega de reconocimientos a trabajadores municipales.<\/p>\n<p dir=\"ltr\">Fueron agasajados por sus 25 a\u00f1os de trayectoria en el servicio a la comunidad y tambi\u00e9n, se entregaron reconocimientos a quienes pasaron a retiro de sus tareas.<\/p>\n<p dir=\"ltr\">Adem\u00e1s, el jefe comunal entreg\u00f3 a los gremios municipales una copia de la resoluci\u00f3n a planta de los agentes que rindieron en junio de este a\u00f1o.<\/p>\n<p dir=\"ltr\">De este acto, participaron los concejales Lorena Yensen (JSRN), Carlos Martinez Larrea (JxC) y miembros del gabinete.<\/p>\n<p dir=\"ltr\">El D\u00eda del Trabajador Municipal, se celebra en conmemoraci\u00f3n del 8 de noviembre de 1959, cuando se constituy\u00f3 la Confederaci\u00f3n de Obreros y Empleados Municipales de la Rep\u00fablica Argentina (COEMA).<\/p>\n<p dir=\"ltr\">Luego, la titular del organismo Silvana Larralde y la concejal Lorena Yensen se dirigieron a la sala de teatro del Complejo Cultural Cipolletti para acompa\u00f1ar a los m\u00e1s de 500 j\u00f3venes que este a\u00f1o asistieron a las capacitaciones laborales del Centro de Formaci\u00f3n y Trabajo (CFyT) de nuestra ciudad.<\/p>\n<div class=\"yj6qo\"><\/div>\n<div class=\"adL\"><\/div>\n<\/div>\n<\/div>\n<\/div>\n<\/div>\n<div class=\"adL\"><\/div>\n<\/div>\n<\/div>\n<div class=\"hi\"><\/div>\n<\/div>\n<\/div>\n","protected":false},"excerpt":{"rendered":"<p>La presidenta del Poder Legislativo, Silvana Larralde, junto al intendente Claudio Di Tella encabezaron el acto de entrega de reconocimientos a trabajadores municipales. Fueron agasajados por sus 25 a\u00f1os de trayectoria en el servicio a la comunidad y tambi\u00e9n, se entregaron reconocimientos a quienes pasaron a retiro de sus tareas. Adem\u00e1s, el jefe comunal entreg\u00f3 &hellip; <\/p>\n<p class=\"link-more\"><a href=\"https:\/\/www.cdcipolletti.gob.ar\/?p=761\" class=\"more-link\">more<span class=\"screen-reader-text\"> &#8220;CONCEJALES SE SUMARON AL RECONOCIMIENTO A EMPLEADOS MUNICIPALES&#8221;<\/span><\/a><\/p>\n","protected":false},"author":3,"featured_media":762,"comment_status":"closed","ping_status":"closed","sticky":false,"template":"","format":"standard","meta":[],"categories":[1],"tags":[30],"_links":{"self":[{"href":"https:\/\/www.cdcipolletti.gob.ar\/index.php?rest_route=\/wp\/v2\/posts\/761"}],"collection":[{"href":"https:\/\/www.cdcipolletti.gob.ar\/index.php?rest_route=\/wp\/v2\/posts"}],"about":[{"href":"https:\/\/www.cdcipolletti.gob.ar\/index.php?rest_route=\/wp\/v2\/types\/post"}],"author":[{"embeddable":true,"href":"https:\/\/www.cdcipolletti.gob.ar\/index.php?rest_route=\/wp\/v2\/users\/3"}],"replies":[{"embeddable":true,"href":"https:\/\/www.cdcipolletti.gob.ar\/index.php?rest_route=%2Fwp%2Fv2%2Fcomments&post=761"}],"version-history":[{"count":3,"href":"https:\/\/www.cdcipolletti.gob.ar\/index.php?rest_route=\/wp\/v2\/posts\/761\/revisions"}],"predecessor-version":[{"id":765,"href":"https:\/\/www.cdcipolletti.gob.ar\/index.php?rest_route=\/wp\/v2\/posts\/761\/revisions\/765"}],"wp:featuredmedia":[{"embeddable":true,"href":"https:\/\/www.cdcipolletti.gob.ar\/index.php?rest_route=\/wp\/v2\/media\/762"}],"wp:attachment":[{"href":"https:\/\/www.cdcipolletti.gob.ar\/index.php?rest_route=%2Fwp%2Fv2%2Fmedia&parent=761"}],"wp:term":[{"taxonomy":"category","embeddable":true,"href":"https:\/\/www.cdcipolletti.gob.ar\/index.php?rest_route=%2Fwp%2Fv2%2Fcategories&post=761"},{"taxonomy":"post_tag","embeddable":true,"href":"https:\/\/www.cdcipolletti.gob.ar\/index.php?rest_route=%2Fwp%2Fv2%2Ftags&post=761"}],"curies":[{"name":"wp","href":"https:\/\/api.w.org\/{rel}","templated":true}]}}