{"id":753,"date":"2021-11-06T22:24:33","date_gmt":"2021-11-07T01:24:33","guid":{"rendered":"https:\/\/www.cdcipolletti.gob.ar\/?p=753"},"modified":"2021-11-06T22:42:08","modified_gmt":"2021-11-07T01:42:08","slug":"en-homenaje-a-la-cipolena-monica-haydee-alvarez-se-celebro-por-primera-vez-en-la-historia-de-la-provincia-el-dia-de-la-vacunadora-y-vacunador-rionegrino","status":"publish","type":"post","link":"https:\/\/www.cdcipolletti.gob.ar\/?p=753","title":{"rendered":"En homenaje a la cipole\u00f1a M\u00f3nica Hayde\u00e9 Alvarez, se celebr\u00f3 por primera vez, el D\u00eda de la Vacunadora y Vacunador Rionegrino"},"content":{"rendered":"<p>Por primera vez en la historia de la provincia, este 5 de noviembre se celebr\u00f3 el D\u00eda de la Vacunadora y Vacunador Rionegrino, en conmemoraci\u00f3n al nacimiento de la Licenciada y vacunadora M\u00f3nica Hayde\u00e9 \u00c1lvarez. A trav\u00e9s de la Ley 345\/2021, se reconoci\u00f3 el trabajo fundamental que desarroll\u00f3 en la implementaci\u00f3n de acciones de salud p\u00fablica en todo el territorio provincial.<\/p>\n<p>Los concejales que conforman este Cuerpo Legislativo, aprobaron por unanimidad distinguir con Diploma de Honor a M\u00f3nica \u00c1lvarez en reconocimiento a su labor en salud p\u00fablica, solidaridad y profesionalismo.<\/p>\n<p>Durante el Acto por el 118\u00b0 Aniversario de la ciudad, la Presidenta del Concejo Deliberante, Silvana Larralde, entreg\u00f3 la distinci\u00f3n a Johana, la hija de M\u00f3nica. Con gran emoci\u00f3n, la joven le dedic\u00f3 unas palabras a su madre y a las personas que visibilizan su labor.<\/p>\n<p>M\u00f3nica fue vacunadora durante 25 a\u00f1os en el Centro de salud AINA de esta ciudad. Adem\u00e1s fue Jefa de Vacunaci\u00f3n del Hospital Pedro Moguilliansky.\u00a0Tambi\u00e9n se desempe\u00f1\u00f3 en el Centro de Atenci\u00f3n Primaria de Ferri y realiz\u00f3 guardias durante los fines de semana en el Centro de Atenci\u00f3n Primaria (CAPS) de Las Perlas.<\/p>\n<p>Estuvo en la primera l\u00ednea en la lucha contra el COVID-19. Hac\u00eda visitas en los domicilios a pacientes que ten\u00edan este virus para realizar los controles y asistirlos.<\/p>\n<p>Contrajo el virus, y aunque hab\u00eda logrado\u00a0 negativizarlo, las secuelas que dej\u00f3 la enfermedad en sus pulmones fueron irreparables. M\u00f3nica falleci\u00f3 el 8 de diciembre del a\u00f1o 2020, mientras se encontraba alojada en el sector de Cl\u00ednica M\u00e9dica del Hospital Pedro Moguillansky, en donde se desempe\u00f1\u00f3 profesionalmente durante 29 a\u00f1os.<\/p>\n<p>&nbsp;<\/p>\n","protected":false},"excerpt":{"rendered":"<p>Por primera vez en la historia de la provincia, este 5 de noviembre se celebr\u00f3 el D\u00eda de la Vacunadora y Vacunador Rionegrino, en conmemoraci\u00f3n al nacimiento de la Licenciada y vacunadora M\u00f3nica Hayde\u00e9 \u00c1lvarez. A trav\u00e9s de la Ley 345\/2021, se reconoci\u00f3 el trabajo fundamental que desarroll\u00f3 en la implementaci\u00f3n de acciones de salud &hellip; <\/p>\n<p class=\"link-more\"><a href=\"https:\/\/www.cdcipolletti.gob.ar\/?p=753\" class=\"more-link\">more<span class=\"screen-reader-text\"> &#8220;En homenaje a la cipole\u00f1a M\u00f3nica Hayde\u00e9 Alvarez, se celebr\u00f3 por primera vez, el D\u00eda de la Vacunadora y Vacunador Rionegrino&#8221;<\/span><\/a><\/p>\n","protected":false},"author":3,"featured_media":754,"comment_status":"closed","ping_status":"closed","sticky":false,"template":"","format":"standard","meta":[],"categories":[1],"tags":[30,32,33,23],"_links":{"self":[{"href":"https:\/\/www.cdcipolletti.gob.ar\/index.php?rest_route=\/wp\/v2\/posts\/753"}],"collection":[{"href":"https:\/\/www.cdcipolletti.gob.ar\/index.php?rest_route=\/wp\/v2\/posts"}],"about":[{"href":"https:\/\/www.cdcipolletti.gob.ar\/index.php?rest_route=\/wp\/v2\/types\/post"}],"author":[{"embeddable":true,"href":"https:\/\/www.cdcipolletti.gob.ar\/index.php?rest_route=\/wp\/v2\/users\/3"}],"replies":[{"embeddable":true,"href":"https:\/\/www.cdcipolletti.gob.ar\/index.php?rest_route=%2Fwp%2Fv2%2Fcomments&post=753"}],"version-history":[{"count":6,"href":"https:\/\/www.cdcipolletti.gob.ar\/index.php?rest_route=\/wp\/v2\/posts\/753\/revisions"}],"predecessor-version":[{"id":760,"href":"https:\/\/www.cdcipolletti.gob.ar\/index.php?rest_route=\/wp\/v2\/posts\/753\/revisions\/760"}],"wp:featuredmedia":[{"embeddable":true,"href":"https:\/\/www.cdcipolletti.gob.ar\/index.php?rest_route=\/wp\/v2\/media\/754"}],"wp:attachment":[{"href":"https:\/\/www.cdcipolletti.gob.ar\/index.php?rest_route=%2Fwp%2Fv2%2Fmedia&parent=753"}],"wp:term":[{"taxonomy":"category","embeddable":true,"href":"https:\/\/www.cdcipolletti.gob.ar\/index.php?rest_route=%2Fwp%2Fv2%2Fcategories&post=753"},{"taxonomy":"post_tag","embeddable":true,"href":"https:\/\/www.cdcipolletti.gob.ar\/index.php?rest_route=%2Fwp%2Fv2%2Ftags&post=753"}],"curies":[{"name":"wp","href":"https:\/\/api.w.org\/{rel}","templated":true}]}}