{"id":724,"date":"2021-11-01T13:22:31","date_gmt":"2021-11-01T16:22:31","guid":{"rendered":"https:\/\/www.cdcipolletti.gob.ar\/?p=724"},"modified":"2021-11-01T13:22:31","modified_gmt":"2021-11-01T16:22:31","slug":"concejales-aprobaron-la-recategorizacion-de-90-municipales-de-planta-permanente","status":"publish","type":"post","link":"https:\/\/www.cdcipolletti.gob.ar\/?p=724","title":{"rendered":"Concejales aprobaron la recategorizaci\u00f3n de 90 Municipales de planta permanente"},"content":{"rendered":"<p><span style=\"font-weight: 400;\">El poder Legislativo sesion\u00f3 este lunes, en el Complejo Cultural Cipolletti. Entre los proyectos que fueron aprobados se encuentra la recategorizaci\u00f3n de personal de planta permanente de la Municipalidad, la donaci\u00f3n de un espacio verde para la Superintendencia de Riesgos del Trabajo y la reserva fiscal de una parcela para la construcci\u00f3n del Centro Infantil Municipal en el DVN, entre otros proyectos.<\/span><\/p>\n<p><span style=\"font-weight: 400;\">Uno de los momentos m\u00e1s esperados de la sesi\u00f3n fue la aprobaci\u00f3n de la recategorizaci\u00f2n del personal de planta permanente. Los ediles votaron por unanimidad el proyecto de ordenanza y detallaron que durante la comisi\u00f3n correspondiente se realiz\u00f3 un an\u00e1lisis de la situaci\u00f3n. Con esta votaci\u00f3n, se logra la recategorizaci\u00f3n de 90 trabajadores municipales.\u00a0<\/span><\/p>\n<p><span style=\"font-weight: 400;\">Los dirigentes gremiales, Omar Meza (Sitramuci), Elio Vega (ATE) y Matias Luna (Soyem) estuvieron presentes durante la sesi\u00f3n. Al finalizar el encuentro, celebraron la decisi\u00f3n de los ediles y brindaron unas palabras sobre la importancia de la aprobaci\u00f3n del proyecto.<\/span><\/p>\n<p><span style=\"font-weight: 400;\">Tambi\u00e9n, tuvo luz verde la pr\u00f3rroga de un a\u00f1o al plazo de vencimiento de vida \u00fatil de los veh\u00edculos; Con respecto a esto,\u00a0 la presidenta del poder Legislativo, Silvana Larralde, remarc\u00f3 que los transportes deben reunir todos los requisitos para poder circular.\u00a0<\/span><\/p>\n<p><span style=\"font-weight: 400;\">De la Comisi\u00f3n de Hacienda, se vot\u00f3 por unanimidad la autorizaci\u00f3n solicitada por el municipio para tramitar ante el Banco de Inversi\u00f3n y Comercio Exterior una operaci\u00f3n de Leasing para la compra de bienes.<\/span><\/p>\n<p><span style=\"font-weight: 400;\">Con respecto a los proyectos aprobados de la Comisi\u00f3n de Obras y Servicios P\u00fablicos, se aprob\u00f3 la cancelaci\u00f3n de\u00a0 condici\u00f3n de reserva fiscal destinada a la construcci\u00f3n de un Centro Infantil en el Distrito Vecinal Noreste.\u00a0<\/span><\/p>\n<p><span style=\"font-weight: 400;\">Por otro lado, tambi\u00e9n se aprob\u00f3 la donaci\u00f3n de un espacio verde a la Superintendencia de Trabajo; se remarc\u00f3 que es un hecho importante ya que los trabajadores ten\u00edan que recorrer 45 km para llegar a la oficina m\u00e1s cercana. A partir de esta decisi\u00f3n, la sede queda asentada en la calle Naciones Unidas, en Cipolletti. <\/span><\/p>\n<p><span style=\"font-weight: 400;\">Sobre tablas, se aprob\u00f3 por unanimidad la declaraci\u00f3n de inter\u00e9s municipal del \u201cConcurso de Ideas para estudiantes, Vivienda Social&#8221; y\u00a0 por mayor\u00eda el 1\u00ba Congreso de\u00a0 Infancias y adolescencias \u201cHaciendo Derechos\u201d.<\/span><\/p>\n","protected":false},"excerpt":{"rendered":"<p>El poder Legislativo sesion\u00f3 este lunes, en el Complejo Cultural Cipolletti. Entre los proyectos que fueron aprobados se encuentra la recategorizaci\u00f3n de personal de planta permanente de la Municipalidad, la donaci\u00f3n de un espacio verde para la Superintendencia de Riesgos del Trabajo y la reserva fiscal de una parcela para la construcci\u00f3n del Centro Infantil &hellip; <\/p>\n<p class=\"link-more\"><a href=\"https:\/\/www.cdcipolletti.gob.ar\/?p=724\" class=\"more-link\">more<span class=\"screen-reader-text\"> &#8220;Concejales aprobaron la recategorizaci\u00f3n de 90 Municipales de planta permanente&#8221;<\/span><\/a><\/p>\n","protected":false},"author":3,"featured_media":725,"comment_status":"closed","ping_status":"closed","sticky":false,"template":"","format":"standard","meta":[],"categories":[1],"tags":[30],"_links":{"self":[{"href":"https:\/\/www.cdcipolletti.gob.ar\/index.php?rest_route=\/wp\/v2\/posts\/724"}],"collection":[{"href":"https:\/\/www.cdcipolletti.gob.ar\/index.php?rest_route=\/wp\/v2\/posts"}],"about":[{"href":"https:\/\/www.cdcipolletti.gob.ar\/index.php?rest_route=\/wp\/v2\/types\/post"}],"author":[{"embeddable":true,"href":"https:\/\/www.cdcipolletti.gob.ar\/index.php?rest_route=\/wp\/v2\/users\/3"}],"replies":[{"embeddable":true,"href":"https:\/\/www.cdcipolletti.gob.ar\/index.php?rest_route=%2Fwp%2Fv2%2Fcomments&post=724"}],"version-history":[{"count":1,"href":"https:\/\/www.cdcipolletti.gob.ar\/index.php?rest_route=\/wp\/v2\/posts\/724\/revisions"}],"predecessor-version":[{"id":726,"href":"https:\/\/www.cdcipolletti.gob.ar\/index.php?rest_route=\/wp\/v2\/posts\/724\/revisions\/726"}],"wp:featuredmedia":[{"embeddable":true,"href":"https:\/\/www.cdcipolletti.gob.ar\/index.php?rest_route=\/wp\/v2\/media\/725"}],"wp:attachment":[{"href":"https:\/\/www.cdcipolletti.gob.ar\/index.php?rest_route=%2Fwp%2Fv2%2Fmedia&parent=724"}],"wp:term":[{"taxonomy":"category","embeddable":true,"href":"https:\/\/www.cdcipolletti.gob.ar\/index.php?rest_route=%2Fwp%2Fv2%2Fcategories&post=724"},{"taxonomy":"post_tag","embeddable":true,"href":"https:\/\/www.cdcipolletti.gob.ar\/index.php?rest_route=%2Fwp%2Fv2%2Ftags&post=724"}],"curies":[{"name":"wp","href":"https:\/\/api.w.org\/{rel}","templated":true}]}}