{"id":579,"date":"2021-09-08T10:34:53","date_gmt":"2021-09-08T13:34:53","guid":{"rendered":"https:\/\/www.cdcipolletti.gob.ar\/?p=579"},"modified":"2021-09-08T10:59:00","modified_gmt":"2021-09-08T13:59:00","slug":"el-domingo-se-realizaran-las-paso-en-todo-el-pais-mediante-voto-circuital","status":"publish","type":"post","link":"https:\/\/www.cdcipolletti.gob.ar\/?p=579","title":{"rendered":"EL DOMINGO SE REALIZAR\u00c1N LAS PASO EN TODO EL PA\u00cdS MEDIANTE VOTO CIRCUITAL"},"content":{"rendered":"<h4>Este domingo 12 de septiembre, se llevar\u00e1n a cabo las elecciones Primarias, Abiertas Simult\u00e1neas y Obligatorias (PASO) en todo el territorio nacional.<\/h4>\n<h4>En Cipolletti, el voto ser\u00e1 circuital, es decir, cada uno va a votar en la escuela que corresponde en el distrito electoral que nos toque por domicilio.<\/h4>\n<h4>Para consultar d\u00f3nde se debe ir a votar podr\u00e1n ingresar sus datos en el padr\u00f3n: <a href=\"https:\/\/www.padron.gob.ar\/\"><em>https:\/\/www.padron.gob.ar\/<\/em><\/a><\/h4>\n<h4>Teniendo en cuenta la pandemia que se atreviesa, se solicita cumplir con los protocolos pervistos para evitar la propagaci\u00f3n del Covid-19.<\/h4>\n<h4><\/h4>\n<h4><\/h4>\n<h4><\/h4>\n","protected":false},"excerpt":{"rendered":"<p>Este domingo 12 de septiembre, se llevar\u00e1n a cabo las elecciones Primarias, Abiertas Simult\u00e1neas y Obligatorias (PASO) en todo el territorio nacional. En Cipolletti, el voto ser\u00e1 circuital, es decir, cada uno va a votar en la escuela que corresponde en el distrito electoral que nos toque por domicilio. Para consultar d\u00f3nde se debe ir &hellip; <\/p>\n<p class=\"link-more\"><a href=\"https:\/\/www.cdcipolletti.gob.ar\/?p=579\" class=\"more-link\">more<span class=\"screen-reader-text\"> &#8220;EL DOMINGO SE REALIZAR\u00c1N LAS PASO EN TODO EL PA\u00cdS MEDIANTE VOTO CIRCUITAL&#8221;<\/span><\/a><\/p>\n","protected":false},"author":3,"featured_media":580,"comment_status":"closed","ping_status":"closed","sticky":false,"template":"","format":"standard","meta":[],"categories":[1],"tags":[24,6,25,27,28,10,26,22,21,23,20,19],"_links":{"self":[{"href":"https:\/\/www.cdcipolletti.gob.ar\/index.php?rest_route=\/wp\/v2\/posts\/579"}],"collection":[{"href":"https:\/\/www.cdcipolletti.gob.ar\/index.php?rest_route=\/wp\/v2\/posts"}],"about":[{"href":"https:\/\/www.cdcipolletti.gob.ar\/index.php?rest_route=\/wp\/v2\/types\/post"}],"author":[{"embeddable":true,"href":"https:\/\/www.cdcipolletti.gob.ar\/index.php?rest_route=\/wp\/v2\/users\/3"}],"replies":[{"embeddable":true,"href":"https:\/\/www.cdcipolletti.gob.ar\/index.php?rest_route=%2Fwp%2Fv2%2Fcomments&post=579"}],"version-history":[{"count":7,"href":"https:\/\/www.cdcipolletti.gob.ar\/index.php?rest_route=\/wp\/v2\/posts\/579\/revisions"}],"predecessor-version":[{"id":587,"href":"https:\/\/www.cdcipolletti.gob.ar\/index.php?rest_route=\/wp\/v2\/posts\/579\/revisions\/587"}],"wp:featuredmedia":[{"embeddable":true,"href":"https:\/\/www.cdcipolletti.gob.ar\/index.php?rest_route=\/wp\/v2\/media\/580"}],"wp:attachment":[{"href":"https:\/\/www.cdcipolletti.gob.ar\/index.php?rest_route=%2Fwp%2Fv2%2Fmedia&parent=579"}],"wp:term":[{"taxonomy":"category","embeddable":true,"href":"https:\/\/www.cdcipolletti.gob.ar\/index.php?rest_route=%2Fwp%2Fv2%2Fcategories&post=579"},{"taxonomy":"post_tag","embeddable":true,"href":"https:\/\/www.cdcipolletti.gob.ar\/index.php?rest_route=%2Fwp%2Fv2%2Ftags&post=579"}],"curies":[{"name":"wp","href":"https:\/\/api.w.org\/{rel}","templated":true}]}}