{"id":3270,"date":"2026-03-12T13:10:09","date_gmt":"2026-03-12T16:10:09","guid":{"rendered":"https:\/\/www.cdcipolletti.gob.ar\/?p=3270"},"modified":"2026-03-12T13:10:09","modified_gmt":"2026-03-12T16:10:09","slug":"una-por-una-estas-son-las-mujeres-que-inspiran-2026","status":"publish","type":"post","link":"https:\/\/www.cdcipolletti.gob.ar\/?p=3270","title":{"rendered":"UNA POR UNA, ESTAS SON LAS &#8220;MUJERES QUE INSPIRAN&#8221; 2026"},"content":{"rendered":"<p data-start=\"345\" data-end=\"638\">En el marco del <strong data-start=\"361\" data-end=\"380\">Mes de la Mujer<\/strong>, el <span class=\"hover:entity-accent entity-underline inline cursor-pointer align-baseline\"><span class=\"whitespace-normal\">Concejo Deliberante de Cipolletti<\/span><\/span> realiz\u00f3 una nueva edici\u00f3n del reconocimiento <strong data-start=\"468\" data-end=\"494\">\u201cMujeres que Inspiran\u201d<\/strong>, una iniciativa impulsada por la Ordenanza de Fondo N.\u00ba 454\/22 promovida por la legisladora provincial <span class=\"hover:entity-accent entity-underline inline cursor-pointer align-baseline\"><span class=\"whitespace-normal\">Lorena Yensen<\/span><\/span>.<\/p>\n<p data-start=\"640\" data-end=\"843\">Durante el acto se distingui\u00f3 a <strong data-start=\"672\" data-end=\"696\">29 mujeres cipole\u00f1as<\/strong> por su compromiso social, cultural, educativo y comunitario, destacando trayectorias que inspiran y fortalecen el entramado social de la ciudad.<\/p>\n<p data-start=\"845\" data-end=\"1020\">Cada una de ellas fue reconocida por su historia de vida, su aporte a la comunidad y el impacto positivo generado en distintos \u00e1mbitos.<\/p>\n\n\t\t<style type=\"text\/css\">\n\t\t\t#gallery-1 {\n\t\t\t\tmargin: auto;\n\t\t\t}\n\t\t\t#gallery-1 .gallery-item {\n\t\t\t\tfloat: left;\n\t\t\t\tmargin-top: 10px;\n\t\t\t\ttext-align: center;\n\t\t\t\twidth: 33%;\n\t\t\t}\n\t\t\t#gallery-1 img {\n\t\t\t\tborder: 2px solid #cfcfcf;\n\t\t\t}\n\t\t\t#gallery-1 .gallery-caption {\n\t\t\t\tmargin-left: 0;\n\t\t\t}\n\t\t\t\/* see gallery_shortcode() in wp-includes\/media.php *\/\n\t\t<\/style>\n\t\t<div id='gallery-1' class='gallery galleryid-3270 gallery-columns-3 gallery-size-thumbnail'><dl class='gallery-item'>\n\t\t\t<dt class='gallery-icon landscape'>\n\t\t\t\t<a href='https:\/\/www.cdcipolletti.gob.ar\/?attachment_id=3305'><img width=\"150\" height=\"150\" src=\"https:\/\/www.cdcipolletti.gob.ar\/wp-content\/uploads\/2026\/03\/WhatsApp-Image-2026-03-10-at-15.01.43-19-150x150.jpeg\" class=\"attachment-thumbnail size-thumbnail\" alt=\"\" loading=\"lazy\" srcset=\"https:\/\/www.cdcipolletti.gob.ar\/wp-content\/uploads\/2026\/03\/WhatsApp-Image-2026-03-10-at-15.01.43-19-150x150.jpeg 150w, https:\/\/www.cdcipolletti.gob.ar\/wp-content\/uploads\/2026\/03\/WhatsApp-Image-2026-03-10-at-15.01.43-19-300x300.jpeg 300w, https:\/\/www.cdcipolletti.gob.ar\/wp-content\/uploads\/2026\/03\/WhatsApp-Image-2026-03-10-at-15.01.43-19-1024x1024.jpeg 1024w, https:\/\/www.cdcipolletti.gob.ar\/wp-content\/uploads\/2026\/03\/WhatsApp-Image-2026-03-10-at-15.01.43-19-768x768.jpeg 768w, https:\/\/www.cdcipolletti.gob.ar\/wp-content\/uploads\/2026\/03\/WhatsApp-Image-2026-03-10-at-15.01.43-19.jpeg 1500w\" sizes=\"(max-width: 150px) 100vw, 150px\" \/><\/a>\n\t\t\t<\/dt><\/dl><dl class='gallery-item'>\n\t\t\t<dt class='gallery-icon landscape'>\n\t\t\t\t<a href='https:\/\/www.cdcipolletti.gob.ar\/?attachment_id=3304'><img width=\"150\" height=\"150\" src=\"https:\/\/www.cdcipolletti.gob.ar\/wp-content\/uploads\/2026\/03\/WhatsApp-Image-2026-03-10-at-15.01.43-18-150x150.jpeg\" class=\"attachment-thumbnail size-thumbnail\" alt=\"\" loading=\"lazy\" \/><\/a>\n\t\t\t<\/dt><\/dl><dl class='gallery-item'>\n\t\t\t<dt class='gallery-icon landscape'>\n\t\t\t\t<a href='https:\/\/www.cdcipolletti.gob.ar\/?attachment_id=3303'><img width=\"150\" height=\"150\" src=\"https:\/\/www.cdcipolletti.gob.ar\/wp-content\/uploads\/2026\/03\/WhatsApp-Image-2026-03-10-at-15.01.43-17-150x150.jpeg\" class=\"attachment-thumbnail size-thumbnail\" alt=\"\" loading=\"lazy\" \/><\/a>\n\t\t\t<\/dt><\/dl><br style=\"clear: both\" \/><dl class='gallery-item'>\n\t\t\t<dt class='gallery-icon landscape'>\n\t\t\t\t<a href='https:\/\/www.cdcipolletti.gob.ar\/?attachment_id=3302'><img width=\"150\" height=\"150\" src=\"https:\/\/www.cdcipolletti.gob.ar\/wp-content\/uploads\/2026\/03\/WhatsApp-Image-2026-03-10-at-15.01.43-16-150x150.jpeg\" class=\"attachment-thumbnail size-thumbnail\" alt=\"\" loading=\"lazy\" \/><\/a>\n\t\t\t<\/dt><\/dl><dl class='gallery-item'>\n\t\t\t<dt class='gallery-icon landscape'>\n\t\t\t\t<a href='https:\/\/www.cdcipolletti.gob.ar\/?attachment_id=3301'><img width=\"150\" height=\"150\" src=\"https:\/\/www.cdcipolletti.gob.ar\/wp-content\/uploads\/2026\/03\/WhatsApp-Image-2026-03-10-at-15.01.43-15-150x150.jpeg\" class=\"attachment-thumbnail size-thumbnail\" alt=\"\" loading=\"lazy\" \/><\/a>\n\t\t\t<\/dt><\/dl><dl class='gallery-item'>\n\t\t\t<dt class='gallery-icon landscape'>\n\t\t\t\t<a href='https:\/\/www.cdcipolletti.gob.ar\/?attachment_id=3300'><img width=\"150\" height=\"150\" src=\"https:\/\/www.cdcipolletti.gob.ar\/wp-content\/uploads\/2026\/03\/WhatsApp-Image-2026-03-10-at-15.01.43-14-150x150.jpeg\" class=\"attachment-thumbnail size-thumbnail\" alt=\"\" loading=\"lazy\" srcset=\"https:\/\/www.cdcipolletti.gob.ar\/wp-content\/uploads\/2026\/03\/WhatsApp-Image-2026-03-10-at-15.01.43-14-150x150.jpeg 150w, https:\/\/www.cdcipolletti.gob.ar\/wp-content\/uploads\/2026\/03\/WhatsApp-Image-2026-03-10-at-15.01.43-14-300x300.jpeg 300w, https:\/\/www.cdcipolletti.gob.ar\/wp-content\/uploads\/2026\/03\/WhatsApp-Image-2026-03-10-at-15.01.43-14-1024x1024.jpeg 1024w, https:\/\/www.cdcipolletti.gob.ar\/wp-content\/uploads\/2026\/03\/WhatsApp-Image-2026-03-10-at-15.01.43-14-768x768.jpeg 768w, https:\/\/www.cdcipolletti.gob.ar\/wp-content\/uploads\/2026\/03\/WhatsApp-Image-2026-03-10-at-15.01.43-14.jpeg 1500w\" sizes=\"(max-width: 150px) 100vw, 150px\" \/><\/a>\n\t\t\t<\/dt><\/dl><br style=\"clear: both\" \/><dl class='gallery-item'>\n\t\t\t<dt class='gallery-icon landscape'>\n\t\t\t\t<a href='https:\/\/www.cdcipolletti.gob.ar\/?attachment_id=3299'><img width=\"150\" height=\"150\" src=\"https:\/\/www.cdcipolletti.gob.ar\/wp-content\/uploads\/2026\/03\/WhatsApp-Image-2026-03-10-at-15.01.43-13-150x150.jpeg\" class=\"attachment-thumbnail size-thumbnail\" alt=\"\" loading=\"lazy\" srcset=\"https:\/\/www.cdcipolletti.gob.ar\/wp-content\/uploads\/2026\/03\/WhatsApp-Image-2026-03-10-at-15.01.43-13-150x150.jpeg 150w, https:\/\/www.cdcipolletti.gob.ar\/wp-content\/uploads\/2026\/03\/WhatsApp-Image-2026-03-10-at-15.01.43-13-300x300.jpeg 300w, https:\/\/www.cdcipolletti.gob.ar\/wp-content\/uploads\/2026\/03\/WhatsApp-Image-2026-03-10-at-15.01.43-13-1024x1024.jpeg 1024w, https:\/\/www.cdcipolletti.gob.ar\/wp-content\/uploads\/2026\/03\/WhatsApp-Image-2026-03-10-at-15.01.43-13-768x768.jpeg 768w, https:\/\/www.cdcipolletti.gob.ar\/wp-content\/uploads\/2026\/03\/WhatsApp-Image-2026-03-10-at-15.01.43-13.jpeg 1500w\" sizes=\"(max-width: 150px) 100vw, 150px\" \/><\/a>\n\t\t\t<\/dt><\/dl><dl class='gallery-item'>\n\t\t\t<dt class='gallery-icon landscape'>\n\t\t\t\t<a href='https:\/\/www.cdcipolletti.gob.ar\/?attachment_id=3298'><img width=\"150\" height=\"150\" src=\"https:\/\/www.cdcipolletti.gob.ar\/wp-content\/uploads\/2026\/03\/WhatsApp-Image-2026-03-10-at-15.01.43-12-150x150.jpeg\" class=\"attachment-thumbnail size-thumbnail\" alt=\"\" loading=\"lazy\" \/><\/a>\n\t\t\t<\/dt><\/dl><dl class='gallery-item'>\n\t\t\t<dt class='gallery-icon landscape'>\n\t\t\t\t<a href='https:\/\/www.cdcipolletti.gob.ar\/?attachment_id=3297'><img width=\"150\" height=\"150\" src=\"https:\/\/www.cdcipolletti.gob.ar\/wp-content\/uploads\/2026\/03\/WhatsApp-Image-2026-03-10-at-15.01.43-11-150x150.jpeg\" class=\"attachment-thumbnail size-thumbnail\" alt=\"\" loading=\"lazy\" \/><\/a>\n\t\t\t<\/dt><\/dl><br style=\"clear: both\" \/><dl class='gallery-item'>\n\t\t\t<dt class='gallery-icon landscape'>\n\t\t\t\t<a href='https:\/\/www.cdcipolletti.gob.ar\/?attachment_id=3296'><img width=\"150\" height=\"150\" src=\"https:\/\/www.cdcipolletti.gob.ar\/wp-content\/uploads\/2026\/03\/WhatsApp-Image-2026-03-10-at-15.01.43-10-150x150.jpeg\" class=\"attachment-thumbnail size-thumbnail\" alt=\"\" loading=\"lazy\" \/><\/a>\n\t\t\t<\/dt><\/dl><dl class='gallery-item'>\n\t\t\t<dt class='gallery-icon landscape'>\n\t\t\t\t<a href='https:\/\/www.cdcipolletti.gob.ar\/?attachment_id=3295'><img width=\"150\" height=\"150\" src=\"https:\/\/www.cdcipolletti.gob.ar\/wp-content\/uploads\/2026\/03\/WhatsApp-Image-2026-03-10-at-15.01.43-9-150x150.jpeg\" class=\"attachment-thumbnail size-thumbnail\" alt=\"\" loading=\"lazy\" \/><\/a>\n\t\t\t<\/dt><\/dl><dl class='gallery-item'>\n\t\t\t<dt class='gallery-icon landscape'>\n\t\t\t\t<a href='https:\/\/www.cdcipolletti.gob.ar\/?attachment_id=3294'><img width=\"150\" height=\"150\" src=\"https:\/\/www.cdcipolletti.gob.ar\/wp-content\/uploads\/2026\/03\/WhatsApp-Image-2026-03-10-at-15.01.43-8-150x150.jpeg\" class=\"attachment-thumbnail size-thumbnail\" alt=\"\" loading=\"lazy\" \/><\/a>\n\t\t\t<\/dt><\/dl><br style=\"clear: both\" \/><dl class='gallery-item'>\n\t\t\t<dt class='gallery-icon landscape'>\n\t\t\t\t<a href='https:\/\/www.cdcipolletti.gob.ar\/?attachment_id=3293'><img width=\"150\" height=\"150\" src=\"https:\/\/www.cdcipolletti.gob.ar\/wp-content\/uploads\/2026\/03\/WhatsApp-Image-2026-03-10-at-15.01.43-7-150x150.jpeg\" class=\"attachment-thumbnail size-thumbnail\" alt=\"\" loading=\"lazy\" srcset=\"https:\/\/www.cdcipolletti.gob.ar\/wp-content\/uploads\/2026\/03\/WhatsApp-Image-2026-03-10-at-15.01.43-7-150x150.jpeg 150w, https:\/\/www.cdcipolletti.gob.ar\/wp-content\/uploads\/2026\/03\/WhatsApp-Image-2026-03-10-at-15.01.43-7-300x300.jpeg 300w, https:\/\/www.cdcipolletti.gob.ar\/wp-content\/uploads\/2026\/03\/WhatsApp-Image-2026-03-10-at-15.01.43-7-1024x1024.jpeg 1024w, https:\/\/www.cdcipolletti.gob.ar\/wp-content\/uploads\/2026\/03\/WhatsApp-Image-2026-03-10-at-15.01.43-7-768x768.jpeg 768w, https:\/\/www.cdcipolletti.gob.ar\/wp-content\/uploads\/2026\/03\/WhatsApp-Image-2026-03-10-at-15.01.43-7.jpeg 1500w\" sizes=\"(max-width: 150px) 100vw, 150px\" \/><\/a>\n\t\t\t<\/dt><\/dl><dl class='gallery-item'>\n\t\t\t<dt class='gallery-icon landscape'>\n\t\t\t\t<a href='https:\/\/www.cdcipolletti.gob.ar\/?attachment_id=3292'><img width=\"150\" height=\"150\" src=\"https:\/\/www.cdcipolletti.gob.ar\/wp-content\/uploads\/2026\/03\/WhatsApp-Image-2026-03-10-at-15.01.43-6-150x150.jpeg\" class=\"attachment-thumbnail size-thumbnail\" alt=\"\" loading=\"lazy\" \/><\/a>\n\t\t\t<\/dt><\/dl>\n\t\t\t<br style='clear: both' \/>\n\t\t<\/div>\n\n<p data-section-id=\"juq0oe\" data-start=\"1022\" data-end=\"1048\"><strong>Las mujeres reconocidas<\/strong><\/p>\n<p data-start=\"1050\" data-end=\"1278\"><strong data-start=\"1050\" data-end=\"1070\">Silvia Cerasuolo<\/strong><br data-start=\"1070\" data-end=\"1073\" \/>Psic\u00f3loga, ex concejal de Cipolletti y referente en salud mental y educaci\u00f3n. Cofundadora de instituciones educativas y directora del Colegio Umbrales, se destaca por su compromiso humanista y comunitario.<\/p>\n<p data-start=\"1280\" data-end=\"1507\"><strong data-start=\"1280\" data-end=\"1301\">Alejandra Kossman<\/strong><br data-start=\"1301\" data-end=\"1304\" \/>Bioqu\u00edmica y directora del Instituto de An\u00e1lisis Cl\u00ednicos (IDAC). Contin\u00faa un legado familiar de m\u00e1s de 50 a\u00f1os en la regi\u00f3n, promoviendo calidad profesional y liderazgo femenino en el \u00e1mbito cient\u00edfico.<\/p>\n<p data-start=\"1509\" data-end=\"1740\"><strong data-start=\"1509\" data-end=\"1533\">Alicia Lidia \u00c1lvarez<\/strong><br data-start=\"1533\" data-end=\"1536\" \/>Docente con profunda vocaci\u00f3n educativa que dej\u00f3 su huella en diversas escuelas de la ciudad. Tambi\u00e9n se destaca como cuentacuentos y por su trabajo comunitario con docentes jubilados y espacios radiales.<\/p>\n<p data-start=\"1742\" data-end=\"1976\"><strong data-start=\"1742\" data-end=\"1766\">Mar\u00eda \u201cMoro\u201d Verdugo<\/strong><br data-start=\"1766\" data-end=\"1769\" \/>Trabajadora social del Hospital Pedro Moguillansky y referente en el acompa\u00f1amiento de personas vulnerables. Su labor se enfoca en el acceso equitativo a la salud y la defensa de los derechos de las mujeres.<\/p>\n<p data-start=\"1978\" data-end=\"2206\"><strong data-start=\"1978\" data-end=\"1998\">Adriana Laurente<\/strong><br data-start=\"1998\" data-end=\"2001\" \/>Arquitecta y ex funcionaria municipal con una extensa trayectoria en planeamiento urbano. Su vida es un ejemplo de resiliencia y compromiso con la accesibilidad y la inclusi\u00f3n de personas con discapacidad.<\/p>\n<p data-start=\"2208\" data-end=\"2420\"><strong data-start=\"2208\" data-end=\"2226\">Luisa Curill\u00e1n<\/strong><br data-start=\"2226\" data-end=\"2229\" \/>Trabajadora del sistema educativo reconocida por su dedicaci\u00f3n y compromiso institucional. Desde su rol en el Consejo Escolar se convirti\u00f3 en un pilar de la comunidad educativa de Cipolletti.<\/p>\n<p data-start=\"2422\" data-end=\"2652\"><strong data-start=\"2422\" data-end=\"2447\">Mar\u00eda Gabriela Martin<\/strong><br data-start=\"2447\" data-end=\"2450\" \/>Ingeniera agr\u00f3noma y profesora de biolog\u00eda que combina docencia, fortaleza personal y pasi\u00f3n por la vida. Tras un accidente que cambi\u00f3 su vida, continu\u00f3 ense\u00f1ando y superando desaf\u00edos con determinaci\u00f3n.<\/p>\n\n\t\t<style type=\"text\/css\">\n\t\t\t#gallery-2 {\n\t\t\t\tmargin: auto;\n\t\t\t}\n\t\t\t#gallery-2 .gallery-item {\n\t\t\t\tfloat: left;\n\t\t\t\tmargin-top: 10px;\n\t\t\t\ttext-align: center;\n\t\t\t\twidth: 33%;\n\t\t\t}\n\t\t\t#gallery-2 img {\n\t\t\t\tborder: 2px solid #cfcfcf;\n\t\t\t}\n\t\t\t#gallery-2 .gallery-caption {\n\t\t\t\tmargin-left: 0;\n\t\t\t}\n\t\t\t\/* see gallery_shortcode() in wp-includes\/media.php *\/\n\t\t<\/style>\n\t\t<div id='gallery-2' class='gallery galleryid-3270 gallery-columns-3 gallery-size-thumbnail'><dl class='gallery-item'>\n\t\t\t<dt class='gallery-icon landscape'>\n\t\t\t\t<a href='https:\/\/www.cdcipolletti.gob.ar\/?attachment_id=3291'><img width=\"150\" height=\"150\" src=\"https:\/\/www.cdcipolletti.gob.ar\/wp-content\/uploads\/2026\/03\/WhatsApp-Image-2026-03-10-at-15.01.43-5-150x150.jpeg\" class=\"attachment-thumbnail size-thumbnail\" alt=\"\" loading=\"lazy\" srcset=\"https:\/\/www.cdcipolletti.gob.ar\/wp-content\/uploads\/2026\/03\/WhatsApp-Image-2026-03-10-at-15.01.43-5-150x150.jpeg 150w, https:\/\/www.cdcipolletti.gob.ar\/wp-content\/uploads\/2026\/03\/WhatsApp-Image-2026-03-10-at-15.01.43-5-300x300.jpeg 300w, https:\/\/www.cdcipolletti.gob.ar\/wp-content\/uploads\/2026\/03\/WhatsApp-Image-2026-03-10-at-15.01.43-5-1024x1024.jpeg 1024w, https:\/\/www.cdcipolletti.gob.ar\/wp-content\/uploads\/2026\/03\/WhatsApp-Image-2026-03-10-at-15.01.43-5-768x768.jpeg 768w, https:\/\/www.cdcipolletti.gob.ar\/wp-content\/uploads\/2026\/03\/WhatsApp-Image-2026-03-10-at-15.01.43-5.jpeg 1500w\" sizes=\"(max-width: 150px) 100vw, 150px\" \/><\/a>\n\t\t\t<\/dt><\/dl><dl class='gallery-item'>\n\t\t\t<dt class='gallery-icon landscape'>\n\t\t\t\t<a href='https:\/\/www.cdcipolletti.gob.ar\/?attachment_id=3290'><img width=\"150\" height=\"150\" src=\"https:\/\/www.cdcipolletti.gob.ar\/wp-content\/uploads\/2026\/03\/WhatsApp-Image-2026-03-10-at-15.01.43-4-150x150.jpeg\" class=\"attachment-thumbnail size-thumbnail\" alt=\"\" loading=\"lazy\" \/><\/a>\n\t\t\t<\/dt><\/dl><dl class='gallery-item'>\n\t\t\t<dt class='gallery-icon landscape'>\n\t\t\t\t<a href='https:\/\/www.cdcipolletti.gob.ar\/?attachment_id=3289'><img width=\"150\" height=\"150\" src=\"https:\/\/www.cdcipolletti.gob.ar\/wp-content\/uploads\/2026\/03\/WhatsApp-Image-2026-03-10-at-15.01.43-3-150x150.jpeg\" class=\"attachment-thumbnail size-thumbnail\" alt=\"\" loading=\"lazy\" \/><\/a>\n\t\t\t<\/dt><\/dl><br style=\"clear: both\" \/><dl class='gallery-item'>\n\t\t\t<dt class='gallery-icon landscape'>\n\t\t\t\t<a href='https:\/\/www.cdcipolletti.gob.ar\/?attachment_id=3288'><img width=\"150\" height=\"150\" src=\"https:\/\/www.cdcipolletti.gob.ar\/wp-content\/uploads\/2026\/03\/WhatsApp-Image-2026-03-10-at-15.01.43-2-150x150.jpeg\" class=\"attachment-thumbnail size-thumbnail\" alt=\"\" loading=\"lazy\" \/><\/a>\n\t\t\t<\/dt><\/dl><dl class='gallery-item'>\n\t\t\t<dt class='gallery-icon landscape'>\n\t\t\t\t<a href='https:\/\/www.cdcipolletti.gob.ar\/?attachment_id=3287'><img width=\"150\" height=\"150\" src=\"https:\/\/www.cdcipolletti.gob.ar\/wp-content\/uploads\/2026\/03\/WhatsApp-Image-2026-03-10-at-15.01.43-1-150x150.jpeg\" class=\"attachment-thumbnail size-thumbnail\" alt=\"\" loading=\"lazy\" srcset=\"https:\/\/www.cdcipolletti.gob.ar\/wp-content\/uploads\/2026\/03\/WhatsApp-Image-2026-03-10-at-15.01.43-1-150x150.jpeg 150w, https:\/\/www.cdcipolletti.gob.ar\/wp-content\/uploads\/2026\/03\/WhatsApp-Image-2026-03-10-at-15.01.43-1-300x300.jpeg 300w, https:\/\/www.cdcipolletti.gob.ar\/wp-content\/uploads\/2026\/03\/WhatsApp-Image-2026-03-10-at-15.01.43-1-1024x1024.jpeg 1024w, https:\/\/www.cdcipolletti.gob.ar\/wp-content\/uploads\/2026\/03\/WhatsApp-Image-2026-03-10-at-15.01.43-1-768x768.jpeg 768w, https:\/\/www.cdcipolletti.gob.ar\/wp-content\/uploads\/2026\/03\/WhatsApp-Image-2026-03-10-at-15.01.43-1.jpeg 1500w\" sizes=\"(max-width: 150px) 100vw, 150px\" \/><\/a>\n\t\t\t<\/dt><\/dl><dl class='gallery-item'>\n\t\t\t<dt class='gallery-icon landscape'>\n\t\t\t\t<a href='https:\/\/www.cdcipolletti.gob.ar\/?attachment_id=3279'><img width=\"150\" height=\"150\" src=\"https:\/\/www.cdcipolletti.gob.ar\/wp-content\/uploads\/2026\/03\/WhatsApp-Image-2026-03-10-at-15.01.43-26-150x150.jpeg\" class=\"attachment-thumbnail size-thumbnail\" alt=\"\" loading=\"lazy\" \/><\/a>\n\t\t\t<\/dt><\/dl><br style=\"clear: both\" \/><dl class='gallery-item'>\n\t\t\t<dt class='gallery-icon landscape'>\n\t\t\t\t<a href='https:\/\/www.cdcipolletti.gob.ar\/?attachment_id=3278'><img width=\"150\" height=\"150\" src=\"https:\/\/www.cdcipolletti.gob.ar\/wp-content\/uploads\/2026\/03\/WhatsApp-Image-2026-03-10-at-15.01.43-25-150x150.jpeg\" class=\"attachment-thumbnail size-thumbnail\" alt=\"\" loading=\"lazy\" srcset=\"https:\/\/www.cdcipolletti.gob.ar\/wp-content\/uploads\/2026\/03\/WhatsApp-Image-2026-03-10-at-15.01.43-25-150x150.jpeg 150w, https:\/\/www.cdcipolletti.gob.ar\/wp-content\/uploads\/2026\/03\/WhatsApp-Image-2026-03-10-at-15.01.43-25-300x300.jpeg 300w, https:\/\/www.cdcipolletti.gob.ar\/wp-content\/uploads\/2026\/03\/WhatsApp-Image-2026-03-10-at-15.01.43-25-1024x1024.jpeg 1024w, https:\/\/www.cdcipolletti.gob.ar\/wp-content\/uploads\/2026\/03\/WhatsApp-Image-2026-03-10-at-15.01.43-25-768x768.jpeg 768w, https:\/\/www.cdcipolletti.gob.ar\/wp-content\/uploads\/2026\/03\/WhatsApp-Image-2026-03-10-at-15.01.43-25.jpeg 1500w\" sizes=\"(max-width: 150px) 100vw, 150px\" \/><\/a>\n\t\t\t<\/dt><\/dl><dl class='gallery-item'>\n\t\t\t<dt class='gallery-icon landscape'>\n\t\t\t\t<a href='https:\/\/www.cdcipolletti.gob.ar\/?attachment_id=3277'><img width=\"150\" height=\"150\" src=\"https:\/\/www.cdcipolletti.gob.ar\/wp-content\/uploads\/2026\/03\/WhatsApp-Image-2026-03-10-at-15.01.43-24-150x150.jpeg\" class=\"attachment-thumbnail size-thumbnail\" alt=\"\" loading=\"lazy\" \/><\/a>\n\t\t\t<\/dt><\/dl><dl class='gallery-item'>\n\t\t\t<dt class='gallery-icon landscape'>\n\t\t\t\t<a href='https:\/\/www.cdcipolletti.gob.ar\/?attachment_id=3276'><img width=\"150\" height=\"150\" src=\"https:\/\/www.cdcipolletti.gob.ar\/wp-content\/uploads\/2026\/03\/WhatsApp-Image-2026-03-10-at-15.01.43-23-150x150.jpeg\" class=\"attachment-thumbnail size-thumbnail\" alt=\"\" loading=\"lazy\" srcset=\"https:\/\/www.cdcipolletti.gob.ar\/wp-content\/uploads\/2026\/03\/WhatsApp-Image-2026-03-10-at-15.01.43-23-150x150.jpeg 150w, https:\/\/www.cdcipolletti.gob.ar\/wp-content\/uploads\/2026\/03\/WhatsApp-Image-2026-03-10-at-15.01.43-23-300x300.jpeg 300w, https:\/\/www.cdcipolletti.gob.ar\/wp-content\/uploads\/2026\/03\/WhatsApp-Image-2026-03-10-at-15.01.43-23-1024x1024.jpeg 1024w, https:\/\/www.cdcipolletti.gob.ar\/wp-content\/uploads\/2026\/03\/WhatsApp-Image-2026-03-10-at-15.01.43-23-768x768.jpeg 768w, https:\/\/www.cdcipolletti.gob.ar\/wp-content\/uploads\/2026\/03\/WhatsApp-Image-2026-03-10-at-15.01.43-23.jpeg 1500w\" sizes=\"(max-width: 150px) 100vw, 150px\" \/><\/a>\n\t\t\t<\/dt><\/dl><br style=\"clear: both\" \/><dl class='gallery-item'>\n\t\t\t<dt class='gallery-icon landscape'>\n\t\t\t\t<a href='https:\/\/www.cdcipolletti.gob.ar\/?attachment_id=3275'><img width=\"150\" height=\"150\" src=\"https:\/\/www.cdcipolletti.gob.ar\/wp-content\/uploads\/2026\/03\/WhatsApp-Image-2026-03-10-at-15.01.43-22-150x150.jpeg\" class=\"attachment-thumbnail size-thumbnail\" alt=\"\" loading=\"lazy\" srcset=\"https:\/\/www.cdcipolletti.gob.ar\/wp-content\/uploads\/2026\/03\/WhatsApp-Image-2026-03-10-at-15.01.43-22-150x150.jpeg 150w, https:\/\/www.cdcipolletti.gob.ar\/wp-content\/uploads\/2026\/03\/WhatsApp-Image-2026-03-10-at-15.01.43-22-300x300.jpeg 300w, https:\/\/www.cdcipolletti.gob.ar\/wp-content\/uploads\/2026\/03\/WhatsApp-Image-2026-03-10-at-15.01.43-22-1024x1024.jpeg 1024w, https:\/\/www.cdcipolletti.gob.ar\/wp-content\/uploads\/2026\/03\/WhatsApp-Image-2026-03-10-at-15.01.43-22-768x768.jpeg 768w, https:\/\/www.cdcipolletti.gob.ar\/wp-content\/uploads\/2026\/03\/WhatsApp-Image-2026-03-10-at-15.01.43-22.jpeg 1500w\" sizes=\"(max-width: 150px) 100vw, 150px\" \/><\/a>\n\t\t\t<\/dt><\/dl><dl class='gallery-item'>\n\t\t\t<dt class='gallery-icon landscape'>\n\t\t\t\t<a href='https:\/\/www.cdcipolletti.gob.ar\/?attachment_id=3274'><img width=\"150\" height=\"150\" src=\"https:\/\/www.cdcipolletti.gob.ar\/wp-content\/uploads\/2026\/03\/WhatsApp-Image-2026-03-10-at-15.01.43-21-150x150.jpeg\" class=\"attachment-thumbnail size-thumbnail\" alt=\"\" loading=\"lazy\" srcset=\"https:\/\/www.cdcipolletti.gob.ar\/wp-content\/uploads\/2026\/03\/WhatsApp-Image-2026-03-10-at-15.01.43-21-150x150.jpeg 150w, https:\/\/www.cdcipolletti.gob.ar\/wp-content\/uploads\/2026\/03\/WhatsApp-Image-2026-03-10-at-15.01.43-21-300x300.jpeg 300w, https:\/\/www.cdcipolletti.gob.ar\/wp-content\/uploads\/2026\/03\/WhatsApp-Image-2026-03-10-at-15.01.43-21-1024x1024.jpeg 1024w, https:\/\/www.cdcipolletti.gob.ar\/wp-content\/uploads\/2026\/03\/WhatsApp-Image-2026-03-10-at-15.01.43-21-768x768.jpeg 768w, https:\/\/www.cdcipolletti.gob.ar\/wp-content\/uploads\/2026\/03\/WhatsApp-Image-2026-03-10-at-15.01.43-21.jpeg 1500w\" sizes=\"(max-width: 150px) 100vw, 150px\" \/><\/a>\n\t\t\t<\/dt><\/dl><dl class='gallery-item'>\n\t\t\t<dt class='gallery-icon landscape'>\n\t\t\t\t<a href='https:\/\/www.cdcipolletti.gob.ar\/?attachment_id=3273'><img width=\"150\" height=\"150\" src=\"https:\/\/www.cdcipolletti.gob.ar\/wp-content\/uploads\/2026\/03\/WhatsApp-Image-2026-03-10-at-15.01.43-20-150x150.jpeg\" class=\"attachment-thumbnail size-thumbnail\" alt=\"\" loading=\"lazy\" srcset=\"https:\/\/www.cdcipolletti.gob.ar\/wp-content\/uploads\/2026\/03\/WhatsApp-Image-2026-03-10-at-15.01.43-20-150x150.jpeg 150w, https:\/\/www.cdcipolletti.gob.ar\/wp-content\/uploads\/2026\/03\/WhatsApp-Image-2026-03-10-at-15.01.43-20-300x300.jpeg 300w, https:\/\/www.cdcipolletti.gob.ar\/wp-content\/uploads\/2026\/03\/WhatsApp-Image-2026-03-10-at-15.01.43-20-1024x1024.jpeg 1024w, https:\/\/www.cdcipolletti.gob.ar\/wp-content\/uploads\/2026\/03\/WhatsApp-Image-2026-03-10-at-15.01.43-20-768x768.jpeg 768w, https:\/\/www.cdcipolletti.gob.ar\/wp-content\/uploads\/2026\/03\/WhatsApp-Image-2026-03-10-at-15.01.43-20.jpeg 1500w\" sizes=\"(max-width: 150px) 100vw, 150px\" \/><\/a>\n\t\t\t<\/dt><\/dl><br style=\"clear: both\" \/>\n\t\t<\/div>\n\n<p data-start=\"2654\" data-end=\"2873\"><strong data-start=\"2654\" data-end=\"2674\">Mariela Diniello<\/strong><br data-start=\"2674\" data-end=\"2677\" \/>Embajadora de la gastronom\u00eda \u00e1rabe en la ciudad. Desde hace m\u00e1s de dos d\u00e9cadas mantiene viva la tradici\u00f3n culinaria familiar, compartiendo recetas y cultura en hogares y restaurantes de la regi\u00f3n.<\/p>\n<p data-start=\"2875\" data-end=\"3074\"><strong data-start=\"2875\" data-end=\"2893\">Laura Mart\u00ednez<\/strong><br data-start=\"2893\" data-end=\"2896\" \/>Emprendedora y cofundadora de Punto Cactus, vivero pionero en cactus y suculentas del Alto Valle. Su proyecto promueve la producci\u00f3n sustentable y la reutilizaci\u00f3n de materiales.<\/p>\n<p data-start=\"3076\" data-end=\"3284\"><strong data-start=\"3076\" data-end=\"3103\">Marta Florencia Herrera<\/strong><br data-start=\"3103\" data-end=\"3106\" \/>Docente e investigadora con m\u00e1s de 45 a\u00f1os dedicados a la educaci\u00f3n p\u00fablica. Su trayectoria incluye formaci\u00f3n de generaciones de estudiantes en distintos niveles y universidades.<\/p>\n<p data-start=\"3286\" data-end=\"3515\"><strong data-start=\"3286\" data-end=\"3312\">Mar\u00eda Eugenia Sandoval<\/strong><br data-start=\"3312\" data-end=\"3315\" \/>Licenciada en enfermer\u00eda con 36 a\u00f1os de servicio en el Hospital de Cipolletti. Especialista en epidemiolog\u00eda y control de infecciones, tuvo un rol clave en la campa\u00f1a de vacunaci\u00f3n contra el COVID-19.<\/p>\n<p data-start=\"3517\" data-end=\"3722\"><strong data-start=\"3517\" data-end=\"3530\">Paula Gil<\/strong><br data-start=\"3530\" data-end=\"3533\" \/>M\u00e9dica cirujana especializada en diagn\u00f3stico por im\u00e1genes e imagenolog\u00eda mamaria. Destacada por su compromiso con la prevenci\u00f3n del c\u00e1ncer de mama y su aporte acad\u00e9mico en el \u00e1rea de salud.<\/p>\n<p data-start=\"3724\" data-end=\"3930\"><strong data-start=\"3724\" data-end=\"3746\">Ana Mar\u00eda Quintana<\/strong><br data-start=\"3746\" data-end=\"3749\" \/>Referente social con m\u00e1s de dos d\u00e9cadas de trabajo solidario en el Distrito Noroeste. Su labor con ni\u00f1os y familias vulnerables la convierte en un ejemplo de compromiso comunitario.<\/p>\n<p data-start=\"3932\" data-end=\"4141\"><strong data-start=\"3932\" data-end=\"3956\">Silvia Mar\u00eda Lacalle<\/strong><br data-start=\"3956\" data-end=\"3959\" \/>Docente, ex vicedirectora del Colegio Manuel Belgrano y deportista destacada. Hoy contin\u00faa aportando a la comunidad desde la Asociaci\u00f3n Custodios del Patrimonio Hist\u00f3rico y Cultural.<\/p>\n<p data-start=\"4143\" data-end=\"4343\"><strong data-start=\"4143\" data-end=\"4163\">Mar\u00eda Elena Mora<\/strong><br data-start=\"4163\" data-end=\"4166\" \/>Acompa\u00f1ante terap\u00e9utica y enfermera que trabaja solidariamente en la instituci\u00f3n Alas del Alma. Su vocaci\u00f3n de servicio y formaci\u00f3n permanente la distinguen en el \u00e1mbito social.<\/p>\n<p data-start=\"4345\" data-end=\"4540\"><strong data-start=\"4345\" data-end=\"4372\">Silvana Elizabeth Medel<\/strong><br data-start=\"4372\" data-end=\"4375\" \/>Vecina comprometida con el bienestar de su barrio. Su trabajo comunitario ha sido clave para acompa\u00f1ar a adultos mayores y promover proyectos de integraci\u00f3n vecinal.<\/p>\n<p data-start=\"4542\" data-end=\"4726\"><strong data-start=\"4542\" data-end=\"4569\">Liliana Beatriz Bischof<\/strong><br data-start=\"4569\" data-end=\"4572\" \/>Comerciante con m\u00e1s de tres d\u00e9cadas de trabajo en la ciudad. Tras la p\u00e9rdida de su esposo continu\u00f3 liderando el emprendimiento familiar junto a sus hijos.<\/p>\n<p data-start=\"4728\" data-end=\"4934\"><strong data-start=\"4728\" data-end=\"4742\">Rosy Acu\u00f1a<\/strong><br data-start=\"4742\" data-end=\"4745\" \/>Impulsora del programa solidario \u201cRecuperando Sonrisas\u201d. Junto a un equipo de voluntarias confecciona pelucas artesanales para pacientes oncol\u00f3gicos, brindando contenci\u00f3n y apoyo emocional.<\/p>\n<p data-start=\"4936\" data-end=\"5117\"><strong data-start=\"4936\" data-end=\"4955\">Fernanda Penroz<\/strong><br data-start=\"4955\" data-end=\"4958\" \/>Emprendedora y fundadora de la empresa familiar Kupal del Sur. Su proyecto combina trabajo, formaci\u00f3n acad\u00e9mica y participaci\u00f3n en la C\u00e1mara de Comercio local.<\/p>\n<p data-start=\"5119\" data-end=\"5309\"><strong data-start=\"5119\" data-end=\"5142\">Mabel Gladys H\u00e9ctor<\/strong><br data-start=\"5142\" data-end=\"5145\" \/>Referente en inclusi\u00f3n social desde la organizaci\u00f3n ADEI. Durante casi dos d\u00e9cadas ha impulsado espacios de aprendizaje y contenci\u00f3n para personas con discapacidad.<\/p>\n<p data-start=\"5311\" data-end=\"5500\"><strong data-start=\"5311\" data-end=\"5340\">Norma Araceli Nakandakare<\/strong><br data-start=\"5340\" data-end=\"5343\" \/>Profesora de historia y ex ministra de Educaci\u00f3n de R\u00edo Negro. Dedic\u00f3 m\u00e1s de cuarenta a\u00f1os a la docencia y la gesti\u00f3n educativa con fuerte compromiso social.<\/p>\n<p data-start=\"5502\" data-end=\"5713\"><strong data-start=\"5502\" data-end=\"5522\">Anal\u00eda Giardilli<\/strong><br data-start=\"5522\" data-end=\"5525\" \/>Licenciada en servicio social y presidenta de la Fundaci\u00f3n Solatium Patagonia. Lidera un proyecto solidario que brinda cuidados paliativos gratuitos a personas con enfermedades terminales.<\/p>\n<p data-start=\"5715\" data-end=\"5901\"><strong data-start=\"5715\" data-end=\"5737\">Mar\u00eda E. Cifuentes<\/strong><br data-start=\"5737\" data-end=\"5740\" \/>Fundadora del Centro de Jubilados Qui\u00f1e-Newen. Su trabajo ha sido fundamental para fortalecer la organizaci\u00f3n y participaci\u00f3n de adultos mayores en la comunidad.<\/p>\n<p data-start=\"5903\" data-end=\"6073\"><strong data-start=\"5903\" data-end=\"5918\">Elena Acu\u00f1a<\/strong><br data-start=\"5918\" data-end=\"5921\" \/>Emprendedora y creadora de Pollera Silvestre. Desde hace m\u00e1s de 15 a\u00f1os impulsa un proyecto gastron\u00f3mico basado en productos caseros y trabajo familiar.<\/p>\n<p data-start=\"6075\" data-end=\"6283\"><strong data-start=\"6075\" data-end=\"6101\">Mar\u00eda del Carmen Rubio<\/strong><br data-start=\"6101\" data-end=\"6104\" \/>Ingeniera el\u00e9ctrica especializada en energ\u00edas renovables y eficiencia energ\u00e9tica. Desde la Secretar\u00eda de Energ\u00eda y Ambiente promueve pol\u00edticas vinculadas al desarrollo sostenible.<\/p>\n<p data-start=\"6285\" data-end=\"6466\"><strong data-start=\"6285\" data-end=\"6304\">Mar\u00eda Valenzuela de Contreras<\/strong><br data-start=\"6304\" data-end=\"6307\" \/>A sus casi 98 a\u00f1os es un ejemplo de vitalidad y alegr\u00eda. Su historia de vida refleja creatividad, pasi\u00f3n por el deporte y participaci\u00f3n activa en la comunidad.<\/p>\n<p data-start=\"6468\" data-end=\"6660\"><strong data-start=\"6468\" data-end=\"6485\">Susana Correa<\/strong><br data-start=\"6485\" data-end=\"6488\" \/>Referente solidaria que desde hace m\u00e1s de 20 a\u00f1os trabaja junto a adultos mayores. Su compromiso comunitario y esp\u00edritu de servicio la convierten en una figura muy querida.<\/p>\n","protected":false},"excerpt":{"rendered":"<p>En el marco del Mes de la Mujer, el Concejo Deliberante de Cipolletti realiz\u00f3 una nueva edici\u00f3n del reconocimiento \u201cMujeres que Inspiran\u201d, una iniciativa impulsada por la Ordenanza de Fondo N.\u00ba 454\/22 promovida por la legisladora provincial Lorena Yensen. Durante el acto se distingui\u00f3 a 29 mujeres cipole\u00f1as por su compromiso social, cultural, educativo y &hellip; <\/p>\n<p class=\"link-more\"><a href=\"https:\/\/www.cdcipolletti.gob.ar\/?p=3270\" class=\"more-link\">more<span class=\"screen-reader-text\"> &#8220;UNA POR UNA, ESTAS SON LAS &#8220;MUJERES QUE INSPIRAN&#8221; 2026&#8243;<\/span><\/a><\/p>\n","protected":false},"author":3,"featured_media":3272,"comment_status":"closed","ping_status":"closed","sticky":false,"template":"","format":"standard","meta":[],"categories":[1],"tags":[],"_links":{"self":[{"href":"https:\/\/www.cdcipolletti.gob.ar\/index.php?rest_route=\/wp\/v2\/posts\/3270"}],"collection":[{"href":"https:\/\/www.cdcipolletti.gob.ar\/index.php?rest_route=\/wp\/v2\/posts"}],"about":[{"href":"https:\/\/www.cdcipolletti.gob.ar\/index.php?rest_route=\/wp\/v2\/types\/post"}],"author":[{"embeddable":true,"href":"https:\/\/www.cdcipolletti.gob.ar\/index.php?rest_route=\/wp\/v2\/users\/3"}],"replies":[{"embeddable":true,"href":"https:\/\/www.cdcipolletti.gob.ar\/index.php?rest_route=%2Fwp%2Fv2%2Fcomments&post=3270"}],"version-history":[{"count":13,"href":"https:\/\/www.cdcipolletti.gob.ar\/index.php?rest_route=\/wp\/v2\/posts\/3270\/revisions"}],"predecessor-version":[{"id":3319,"href":"https:\/\/www.cdcipolletti.gob.ar\/index.php?rest_route=\/wp\/v2\/posts\/3270\/revisions\/3319"}],"wp:featuredmedia":[{"embeddable":true,"href":"https:\/\/www.cdcipolletti.gob.ar\/index.php?rest_route=\/wp\/v2\/media\/3272"}],"wp:attachment":[{"href":"https:\/\/www.cdcipolletti.gob.ar\/index.php?rest_route=%2Fwp%2Fv2%2Fmedia&parent=3270"}],"wp:term":[{"taxonomy":"category","embeddable":true,"href":"https:\/\/www.cdcipolletti.gob.ar\/index.php?rest_route=%2Fwp%2Fv2%2Fcategories&post=3270"},{"taxonomy":"post_tag","embeddable":true,"href":"https:\/\/www.cdcipolletti.gob.ar\/index.php?rest_route=%2Fwp%2Fv2%2Ftags&post=3270"}],"curies":[{"name":"wp","href":"https:\/\/api.w.org\/{rel}","templated":true}]}}