{"id":3262,"date":"2026-03-11T12:05:29","date_gmt":"2026-03-11T15:05:29","guid":{"rendered":"https:\/\/www.cdcipolletti.gob.ar\/?p=3262"},"modified":"2026-03-11T12:05:29","modified_gmt":"2026-03-11T15:05:29","slug":"el-concejo-deliberante-reconocio-a-mujeres-que-inspiran","status":"publish","type":"post","link":"https:\/\/www.cdcipolletti.gob.ar\/?p=3262","title":{"rendered":"EL CONCEJO DELIBERANTE RECONOCI\u00d3 A MUJERES QUE INSPIRAN"},"content":{"rendered":"<p>Este <strong>martes 10 de marzo<\/strong>, en el marco del <strong>Mes de la Mujer<\/strong> y bajo la Ordenanza de Fondo N\u00b0 454\/22, impulsada por la exconcejal y actual legisladora Lorena Yensen, el <strong>Concejo Deliberante de Cipollett<\/strong>i realiz\u00f3 una nueva edici\u00f3n de<strong> \u201cMujeres que Inspiran\u201d<\/strong>, reconociendo a mujeres cipole\u00f1as por su compromiso con la comunidad.<\/p>\n<p><strong>Referentes sociales, culturales, comunitarias y deportivas fueron distinguidas por su aporte y trayectoria en distintos \u00e1mbitos de la ciudad<\/strong>. En esta oportunidad, las mujeres homenajeadas fueron: Adriana Laurente, Alejandra Kossman, Alicia Lidia \u00c1lvarez, Mar\u00eda Verdugo, Silvia Cerasuolo, Ana Mar\u00eda Quintana, Fernanda Penroz, Laura Mart\u00ednez, Mariela Diniello, Paula Gil, Silvia Mar\u00eda Lacalle, Elena Acu\u00f1a, Mabel Gladys H\u00e9ctor, Mar\u00eda Elena Mora, Rosy Acu\u00f1a, Silvana Elizabeth Medel, Anal\u00eda Giardilli, Mar\u00eda Eugenia Sandoval, Liliana Beatriz Bischof, Luisa Curril\u00e1n, Mar\u00eda Cifuentes, Mar\u00eda del Carmen Rubio, Mar\u00eda Gabriela Mart\u00edn, Susana Correa, Marta Florencia Herrera, Norma Araceli Nakandakare y Mar\u00eda Valenzuela de Contreras.<\/p>\n<p>El evento tuvo como anfitriona a la <strong>Presidenta del Concejo Deliberante, Karina Alvarez<\/strong>, junto a los concejales <strong>Adriana Dietrich, Mart\u00edn Posse, H\u00e9ctor Hern\u00e1n Sep\u00falveda, Ana Mar\u00eda Napoli y Oscar Langowsk<\/strong>i. Tambi\u00e9n acompa\u00f1aron el <strong>Intendente Rodrigo Butele<\/strong>r, autoridades provinciales, legisladores, integrantes del gabinete y p\u00fablico en general.<\/p>\n<p>Durante el acto, <strong>Alvarez valor\u00f3 que cada una de las mujeres destacadas hacen un trabajo silencioso todos los d\u00edas y asegur\u00f3 que con su labor construyen e inspiran a la comunidad<\/strong>.<\/p>\n<p>La jornada se desarroll\u00f3 en el Centro Cultural y de Exposiciones Roberto Abel y cont\u00f3 con distintas intervenciones art\u00edsticas, m\u00fasica y un espacio de encuentro para compartir con las homenajeadas y sus familias.<\/p>\n","protected":false},"excerpt":{"rendered":"<p>Este martes 10 de marzo, en el marco del Mes de la Mujer y bajo la Ordenanza de Fondo N\u00b0 454\/22, impulsada por la exconcejal y actual legisladora Lorena Yensen, el Concejo Deliberante de Cipolletti realiz\u00f3 una nueva edici\u00f3n de \u201cMujeres que Inspiran\u201d, reconociendo a mujeres cipole\u00f1as por su compromiso con la comunidad. Referentes sociales, &hellip; <\/p>\n<p class=\"link-more\"><a href=\"https:\/\/www.cdcipolletti.gob.ar\/?p=3262\" class=\"more-link\">more<span class=\"screen-reader-text\"> &#8220;EL CONCEJO DELIBERANTE RECONOCI\u00d3 A MUJERES QUE INSPIRAN&#8221;<\/span><\/a><\/p>\n","protected":false},"author":3,"featured_media":3263,"comment_status":"closed","ping_status":"closed","sticky":false,"template":"","format":"standard","meta":[],"categories":[1],"tags":[],"_links":{"self":[{"href":"https:\/\/www.cdcipolletti.gob.ar\/index.php?rest_route=\/wp\/v2\/posts\/3262"}],"collection":[{"href":"https:\/\/www.cdcipolletti.gob.ar\/index.php?rest_route=\/wp\/v2\/posts"}],"about":[{"href":"https:\/\/www.cdcipolletti.gob.ar\/index.php?rest_route=\/wp\/v2\/types\/post"}],"author":[{"embeddable":true,"href":"https:\/\/www.cdcipolletti.gob.ar\/index.php?rest_route=\/wp\/v2\/users\/3"}],"replies":[{"embeddable":true,"href":"https:\/\/www.cdcipolletti.gob.ar\/index.php?rest_route=%2Fwp%2Fv2%2Fcomments&post=3262"}],"version-history":[{"count":1,"href":"https:\/\/www.cdcipolletti.gob.ar\/index.php?rest_route=\/wp\/v2\/posts\/3262\/revisions"}],"predecessor-version":[{"id":3264,"href":"https:\/\/www.cdcipolletti.gob.ar\/index.php?rest_route=\/wp\/v2\/posts\/3262\/revisions\/3264"}],"wp:featuredmedia":[{"embeddable":true,"href":"https:\/\/www.cdcipolletti.gob.ar\/index.php?rest_route=\/wp\/v2\/media\/3263"}],"wp:attachment":[{"href":"https:\/\/www.cdcipolletti.gob.ar\/index.php?rest_route=%2Fwp%2Fv2%2Fmedia&parent=3262"}],"wp:term":[{"taxonomy":"category","embeddable":true,"href":"https:\/\/www.cdcipolletti.gob.ar\/index.php?rest_route=%2Fwp%2Fv2%2Fcategories&post=3262"},{"taxonomy":"post_tag","embeddable":true,"href":"https:\/\/www.cdcipolletti.gob.ar\/index.php?rest_route=%2Fwp%2Fv2%2Ftags&post=3262"}],"curies":[{"name":"wp","href":"https:\/\/api.w.org\/{rel}","templated":true}]}}