{"id":3257,"date":"2026-03-11T11:59:17","date_gmt":"2026-03-11T14:59:17","guid":{"rendered":"https:\/\/www.cdcipolletti.gob.ar\/?p=3257"},"modified":"2026-03-11T11:59:17","modified_gmt":"2026-03-11T14:59:17","slug":"cipolletti-inauguro-el-39-periodo-ordinario-de-sesiones-legislativas-2026","status":"publish","type":"post","link":"https:\/\/www.cdcipolletti.gob.ar\/?p=3257","title":{"rendered":"CIPOLLETTI INAUGUR\u00d3 EL 39\u00b0 PER\u00cdODO ORDINARIO DE SESIONES LEGISLATIVAS 2026"},"content":{"rendered":"<p data-start=\"285\" data-end=\"545\">Este <strong>viernes 27<\/strong> se llev\u00f3 adelante el acto de apertura del <strong data-start=\"355\" data-end=\"410\">39\u00b0 Per\u00edodo Ordinario de Sesiones Legislativas 2026<\/strong> del Concejo Deliberante, realizado en las instalaciones del <strong data-start=\"471\" data-end=\"509\">Complejo Cultural Cipolletti (CCC)<\/strong>, ubicado en calle Fern\u00e1ndez Oro 57.<\/p>\n<p data-start=\"547\" data-end=\"793\">El acto fue encabezado por la <strong>presidenta del Concejo Deliberant<\/strong>e <strong data-start=\"658\" data-end=\"676\">Karina Alvarez <\/strong>acompa\u00f1ada por el <strong>intendente<\/strong> <strong data-start=\"598\" data-end=\"617\">Rodrigo Buteler. <\/strong>Adem\u00e1s, estuvieron presentes los concejales Adriana Dietrich, Mart\u00edn Posse, Oscar Langowski, Ana Mar\u00eda Napoli y H\u00e9ctor Hern\u00e1n Sep\u00falveda.<\/p>\n<p data-start=\"795\" data-end=\"1150\">Participaron autoridades municipales y provinciales, representantes de instituciones y organizaciones sociales locales y provinciales, entidades sindicales, c\u00e1maras empresarias, instituciones deportivas y culturales, magistrados y referentes del Poder Judicial y del Ministerio P\u00fablico, fuerzas de seguridad, medios de comunicaci\u00f3n y vecinos de la ciudad.<\/p>\n<p data-start=\"1194\" data-end=\"1444\">La presidenta Alvarez, tuvo a su cargo la apertura formal del per\u00edodo legislativo 2026, destacando el rol institucional del organismo como \u00e1mbito de di\u00e1logo democr\u00e1tico, construcci\u00f3n colectiva y representaci\u00f3n ciudadana.<\/p>\n<p data-start=\"1446\" data-end=\"1756\">Durante su mensaje, puso en valor la importancia del trabajo legislativo basado en el respeto, el consenso y la participaci\u00f3n de la comunidad, remarcando que el nuevo per\u00edodo de sesiones constituye una instancia fundamental para el tratamiento de iniciativas orientadas al desarrollo y bienestar de Cipolletti.<\/p>\n<p data-start=\"1758\" data-end=\"1912\">Tras sus palabras, dej\u00f3 formalmente inaugurado el per\u00edodo ordinario de sesiones e invit\u00f3 al intendente municipal a brindar el mensaje anual del Ejecutivo.<\/p>\n<p data-start=\"1956\" data-end=\"2201\">Por su parte, el intendente Buteler realiz\u00f3 un balance de gesti\u00f3n y present\u00f3 los principales lineamientos de gobierno para el a\u00f1o 2026, abordando el contexto de inicio de su administraci\u00f3n y los avances alcanzados en materia de ordenamiento municipal.<\/p>\n<p data-start=\"2203\" data-end=\"2243\">Entre los ejes destacados se encuentran:<\/p>\n<ul data-start=\"2245\" data-end=\"2741\">\n<li data-start=\"2245\" data-end=\"2303\">\n<p data-start=\"2247\" data-end=\"2303\">Consolidaci\u00f3n del equilibrio financiero del municipio.<\/p>\n<\/li>\n<li data-start=\"2304\" data-end=\"2359\">\n<p data-start=\"2306\" data-end=\"2359\">Recuperaci\u00f3n y puesta en valor de espacios urbanos.<\/p>\n<\/li>\n<li data-start=\"2360\" data-end=\"2441\">\n<p data-start=\"2362\" data-end=\"2441\">Continuidad del plan de pavimentaci\u00f3n y ampliaci\u00f3n de infraestructura urbana.<\/p>\n<\/li>\n<li data-start=\"2442\" data-end=\"2519\">\n<p data-start=\"2444\" data-end=\"2519\">Implementaci\u00f3n del programa de luminarias LED y mejoras en accesibilidad.<\/p>\n<\/li>\n<li data-start=\"2520\" data-end=\"2582\">\n<p data-start=\"2522\" data-end=\"2582\">Licitaci\u00f3n de obras de entubamiento de desag\u00fces pluviales.<\/p>\n<\/li>\n<li data-start=\"2583\" data-end=\"2659\">\n<p data-start=\"2585\" data-end=\"2659\">Regularizaci\u00f3n del servicio el\u00e9ctrico en distintos barrios de la ciudad.<\/p>\n<\/li>\n<li data-start=\"2660\" data-end=\"2741\">\n<p data-start=\"2662\" data-end=\"2741\">Reactivaci\u00f3n de obras de agua potable destinadas a sectores del norte cipole\u00f1o.<\/p>\n<\/li>\n<\/ul>\n<p data-start=\"3558\" data-end=\"3846\">Con este acto qued\u00f3 formalmente inaugurado el <strong data-start=\"3604\" data-end=\"3642\">Per\u00edodo Legislativo Municipal 2026<\/strong>, dando inicio a un nuevo a\u00f1o de trabajo institucional entre el Poder Ejecutivo y el Poder Legislativo, orientado al desarrollo sostenido de la ciudad y al fortalecimiento de la participaci\u00f3n democr\u00e1tica.<\/p>\n","protected":false},"excerpt":{"rendered":"<p>Este viernes 27 se llev\u00f3 adelante el acto de apertura del 39\u00b0 Per\u00edodo Ordinario de Sesiones Legislativas 2026 del Concejo Deliberante, realizado en las instalaciones del Complejo Cultural Cipolletti (CCC), ubicado en calle Fern\u00e1ndez Oro 57. El acto fue encabezado por la presidenta del Concejo Deliberante Karina Alvarez acompa\u00f1ada por el intendente Rodrigo Buteler. Adem\u00e1s, &hellip; <\/p>\n<p class=\"link-more\"><a href=\"https:\/\/www.cdcipolletti.gob.ar\/?p=3257\" class=\"more-link\">more<span class=\"screen-reader-text\"> &#8220;CIPOLLETTI INAUGUR\u00d3 EL 39\u00b0 PER\u00cdODO ORDINARIO DE SESIONES LEGISLATIVAS 2026&#8221;<\/span><\/a><\/p>\n","protected":false},"author":3,"featured_media":3260,"comment_status":"closed","ping_status":"closed","sticky":false,"template":"","format":"standard","meta":[],"categories":[1],"tags":[],"_links":{"self":[{"href":"https:\/\/www.cdcipolletti.gob.ar\/index.php?rest_route=\/wp\/v2\/posts\/3257"}],"collection":[{"href":"https:\/\/www.cdcipolletti.gob.ar\/index.php?rest_route=\/wp\/v2\/posts"}],"about":[{"href":"https:\/\/www.cdcipolletti.gob.ar\/index.php?rest_route=\/wp\/v2\/types\/post"}],"author":[{"embeddable":true,"href":"https:\/\/www.cdcipolletti.gob.ar\/index.php?rest_route=\/wp\/v2\/users\/3"}],"replies":[{"embeddable":true,"href":"https:\/\/www.cdcipolletti.gob.ar\/index.php?rest_route=%2Fwp%2Fv2%2Fcomments&post=3257"}],"version-history":[{"count":2,"href":"https:\/\/www.cdcipolletti.gob.ar\/index.php?rest_route=\/wp\/v2\/posts\/3257\/revisions"}],"predecessor-version":[{"id":3261,"href":"https:\/\/www.cdcipolletti.gob.ar\/index.php?rest_route=\/wp\/v2\/posts\/3257\/revisions\/3261"}],"wp:featuredmedia":[{"embeddable":true,"href":"https:\/\/www.cdcipolletti.gob.ar\/index.php?rest_route=\/wp\/v2\/media\/3260"}],"wp:attachment":[{"href":"https:\/\/www.cdcipolletti.gob.ar\/index.php?rest_route=%2Fwp%2Fv2%2Fmedia&parent=3257"}],"wp:term":[{"taxonomy":"category","embeddable":true,"href":"https:\/\/www.cdcipolletti.gob.ar\/index.php?rest_route=%2Fwp%2Fv2%2Fcategories&post=3257"},{"taxonomy":"post_tag","embeddable":true,"href":"https:\/\/www.cdcipolletti.gob.ar\/index.php?rest_route=%2Fwp%2Fv2%2Ftags&post=3257"}],"curies":[{"name":"wp","href":"https:\/\/api.w.org\/{rel}","templated":true}]}}