{"id":3244,"date":"2025-12-15T15:26:50","date_gmt":"2025-12-15T18:26:50","guid":{"rendered":"https:\/\/www.cdcipolletti.gob.ar\/?p=3244"},"modified":"2025-12-15T15:26:50","modified_gmt":"2025-12-15T18:26:50","slug":"el-concejo-deliberante-voto-proyectos-que-le-brindaran-a-cipolletti-modernizacion-seguridad-y-orden","status":"publish","type":"post","link":"https:\/\/www.cdcipolletti.gob.ar\/?p=3244","title":{"rendered":"EL CONCEJO DELIBERANTE VOT\u00d3 PROYECTOS QUE LE BRINDAR\u00c1N A CIPOLLETTI MODERNIZACI\u00d3N, SEGURIDAD Y ORDEN"},"content":{"rendered":"<p data-start=\"254\" data-end=\"646\">El Concejo Deliberante <strong data-start=\"277\" data-end=\"325\">llev\u00f3 a cabo hoy la Sesi\u00f3n Ordinaria N\u00b0 1039<\/strong>, en el <strong data-start=\"333\" data-end=\"368\">quinto piso de la Municipalidad<\/strong>, con la participaci\u00f3n de todos los concejales, la presencia de p\u00fablico y el acompa\u00f1amiento de medios de comunicaci\u00f3n. La sesi\u00f3n\u00a0se <strong data-start=\"513\" data-end=\"577\">transmiti\u00f3 en vivo a trav\u00e9s del Facebook oficial del Concejo<\/strong>, garantizando el acceso a la informaci\u00f3n para las vecinas y vecinos.<\/p>\n<p data-start=\"648\" data-end=\"731\">Durante el encuentro legislativo se aprob\u00f3 el:<\/p>\n<ul data-start=\"762\" data-end=\"953\">\n<li data-start=\"762\" data-end=\"953\">\n<p data-start=\"764\" data-end=\"953\"><strong data-start=\"764\" data-end=\"788\">Expte. N\u00b0 098-B-2025<\/strong>, Bloque J.S.R.N., Concejal Adriana Dietrich:\u00a0 Proyecto de Declaraci\u00f3n de Inter\u00e9s sobre el documental <em data-start=\"902\" data-end=\"952\">\u201cArmando la historia, mujeres can\u00e1bicas del sur\u201d<\/em>. Realizadoras del documental estuvieron presentes en la Sesi\u00f3n y expusieron que el mismo se podr\u00e1 ver de manera gratuita el d\u00eda mi\u00e9rcoles 17 de diciembre a las 20 hs. en el Complejo Cultural.<\/p>\n<\/li>\n<li data-start=\"1818\" data-end=\"2082\">\n<p data-start=\"1820\" data-end=\"2082\"><strong data-start=\"1820\" data-end=\"1844\">Expte. N\u00b0 076-M-2025<\/strong>, Municipalidad \u2013 Unidad Regional Quinta: Proyecto de Ordenanza sobre la modificaci\u00f3n del C\u00f3digo de Faltas y Controversias, referido a la prohibici\u00f3n y\/o reglamentaci\u00f3n de actividades como lavacoches, malabaristas y manteros. La iniciativa surge ante el aumento de reclamos vecinales y de intervenciones policiales por situaciones de conflicto e inseguridad en distintos puntos de la ciudad.La propuesta fue iniciada por la Unidad Regional V de Cipolletti con el objetivo de brindar un marco legal claro y actualizado que permita ordenar el espacio p\u00fablico, mejorar la seguridad vial y garantizar la convivencia. El jefe de la Regional y el secretario acompa\u00f1aron la Sesi\u00f3n para argumentar la importancia del Proyecto. Tambi\u00e9n la parte legal de la Municipalidad se hizo presente ya que trabajaran de manera mancomunada.<\/p>\n<\/li>\n<li data-start=\"2084\" data-end=\"2297\">\n<p data-start=\"2086\" data-end=\"2297\"><strong data-start=\"2086\" data-end=\"2110\">Expte. N\u00b0 063-M-2025<\/strong>, Municipalidad \u2013 Secretar\u00eda de Fiscalizaci\u00f3n: Se aprob\u00f3 la modificaci\u00f3n de la Ordenanza de Fondo N\u00b0 232\/14, Anexo VII, correspondiente al C\u00f3digo de Transporte P\u00fablico \u2013 Servicio de Taxi. Esta iniciativa, impulsada por el Ejecutivo Municipal, busca modernizar el C\u00f3digo de Transporte vigente, garantizando la eficiencia y calidad de estas nuevas modalidades de movilidad urbana. El objetivo es formalizar el servicio, integr\u00e1ndolo de manera legal y equitativa al sistema de transporte de la ciudad. El Secretario de fiscalizaci\u00f3n y el jefe de transporte expusieron durante el encuentro y tambi\u00e9n se le dio la palabra a representaste de los taxistas y de Uber, entendiendo que el di\u00e1logo es el mayor consenso. La Presidenta del Concejo Deliberante expres\u00f3 &#8220;<em data-start=\"115\" data-end=\"451\">avanzamos en la modernizaci\u00f3n del C\u00f3digo de Transporte con el objetivo principal de garantizar servicios para todos los ciudadanos y fomentar la libre competencia\u201d<\/em>.<\/p>\n<\/li>\n<li data-start=\"2084\" data-end=\"2297\">\n<p data-start=\"2086\" data-end=\"2297\"><strong data-start=\"2301\" data-end=\"2325\">Expte. N\u00b0 061-M-2025<\/strong>, Municipalidad \u2013 Departamento de Transporte: Se aprob\u00f3 facultar al Poder Ejecutivo Municipal a <strong data-start=\"2421\" data-end=\"2488\">actualizar semestralmente la tarifa de los veh\u00edculos tax\u00edmetros<\/strong>.<\/p>\n<\/li>\n<li data-start=\"2491\" data-end=\"2644\">\n<p data-start=\"2493\" data-end=\"2644\"><strong data-start=\"2493\" data-end=\"2517\">Expte. N\u00b0 082-M-2025<\/strong>, Municipalidad: Se aprob\u00f3 la modificaci\u00f3n del C\u00f3digo de Faltas que establece la reglamentaci\u00f3n del transporte por plataformas. Este Proyecto acompa\u00f1a al Expte. N\u00b0063-M-2025. Por su parte el Concejal Mart\u00edn Posse quien preside la Comisi\u00f3n de Gobierno coment\u00f3 <em data-start=\"76\" data-end=\"211\">\u201cMi compromiso es con un Cipolletti m\u00e1s moderno, seguro y ordenado, adecuando nuestra normativa a las demandas de la realidad actual\u201d<\/em>.<\/p>\n<\/li>\n<li data-start=\"2646\" data-end=\"2842\">\n<p data-start=\"2648\" data-end=\"2842\"><strong data-start=\"2648\" data-end=\"2672\">Expte. N\u00b0 075-M-2025<\/strong>, Municipalidad \u2013 Departamento de Transporte: Extensi\u00f3n del plazo establecido por la Ordenanza N\u00b0 232\/14 y sus anexos para la renovaci\u00f3n de unidades de taxi.<\/p>\n<\/li>\n<li data-start=\"2844\" data-end=\"3013\">\n<p data-start=\"2846\" data-end=\"3013\"><strong data-start=\"2846\" data-end=\"2870\">Expte. N\u00b0 084-M-2025<\/strong>, Municipalidad: Modificaci\u00f3n del C\u00f3digo de Comercio en relaci\u00f3n a la reglamentaci\u00f3n de los horarios de las actividades nocturnas. Este Proyecto enviado por el ejecutivo busca llevar tranquilidad a los vecinos, evitando disturbios y seguridad para todos.<\/p>\n<\/li>\n<li data-start=\"3015\" data-end=\"3207\">\n<p data-start=\"3017\" data-end=\"3207\"><strong data-start=\"3017\" data-end=\"3041\">Expte. N\u00b0 077-M-2025<\/strong>, Municipalidad \u2013 Secretar\u00eda de Obras P\u00fablicas y Servicios: Clausura del registro de oposici\u00f3n correspondiente a la obra de pavimentaci\u00f3n de 214 cuadras. Para dicho Proyecto y el que est\u00e1 a continuaci\u00f3n tom\u00f3 la palabra el Secretario de Obras.<\/p>\n<\/li>\n<li data-start=\"3209\" data-end=\"3399\">\n<p data-start=\"3211\" data-end=\"3399\"><strong data-start=\"3211\" data-end=\"3235\">Expte. N\u00b0 080-M-2025<\/strong>, Municipalidad \u2013 Secretar\u00eda de Obras P\u00fablicas y Servicios: Clausura del registro de oposici\u00f3n correspondiente a la obra de recambio de luminarias LED. Cipolletti proyecta cambiar toda su luminaria a led para brindar mayor seguridad.<\/p>\n<\/li>\n<li data-start=\"3401\" data-end=\"3623\">\n<p data-start=\"3403\" data-end=\"3623\"><strong data-start=\"3403\" data-end=\"3427\">Expte. N\u00b0 081-M-2025<\/strong>, Municipalidad \u2013 Club C. Almafuerte: Desafectaci\u00f3n de la condici\u00f3n de uso p\u00fablico y la cesi\u00f3n del inmueble identificado como P\/C 03-H-204-01 a la Asociaci\u00f3n Civil Club C. Almafuerte. Concejales aprobaron la cesi\u00f3n de una parcela de tierra para que el club Almafuerte tenga un lugar propio para realizar sus actividades, entendiendo que son m\u00e1s que un club de f\u00fatbol. son un club de contenci\u00f3n social, donde much\u00edsimos chicos reciben apoyo y un refrigerio. Para el tratamiento de dicho Proyecto acompa\u00f1aron chicos, familias, profes, miembros del club y el Director general de Deporte de la Municipalidad.<\/p>\n<\/li>\n<li data-start=\"3651\" data-end=\"3827\">\n<p data-start=\"3653\" data-end=\"3827\"><strong data-start=\"3653\" data-end=\"3677\">Expte. N\u00b0 083-M-2025<\/strong>, Municipalidad \u2013 Direcci\u00f3n Administrativa y T\u00e9cnica: Se aprob\u00f3 el Proyecto de Ordenanza mediante el cual se <strong data-start=\"3786\" data-end=\"3826\">modific\u00f3 el cuadro tarifario vigente<\/strong>.<\/p>\n<\/li>\n<\/ul>\n","protected":false},"excerpt":{"rendered":"<p>El Concejo Deliberante llev\u00f3 a cabo hoy la Sesi\u00f3n Ordinaria N\u00b0 1039, en el quinto piso de la Municipalidad, con la participaci\u00f3n de todos los concejales, la presencia de p\u00fablico y el acompa\u00f1amiento de medios de comunicaci\u00f3n. La sesi\u00f3n\u00a0se transmiti\u00f3 en vivo a trav\u00e9s del Facebook oficial del Concejo, garantizando el acceso a la informaci\u00f3n &hellip; <\/p>\n<p class=\"link-more\"><a href=\"https:\/\/www.cdcipolletti.gob.ar\/?p=3244\" class=\"more-link\">more<span class=\"screen-reader-text\"> &#8220;EL CONCEJO DELIBERANTE VOT\u00d3 PROYECTOS QUE LE BRINDAR\u00c1N A CIPOLLETTI MODERNIZACI\u00d3N, SEGURIDAD Y ORDEN&#8221;<\/span><\/a><\/p>\n","protected":false},"author":3,"featured_media":3245,"comment_status":"closed","ping_status":"closed","sticky":false,"template":"","format":"standard","meta":[],"categories":[35],"tags":[],"_links":{"self":[{"href":"https:\/\/www.cdcipolletti.gob.ar\/index.php?rest_route=\/wp\/v2\/posts\/3244"}],"collection":[{"href":"https:\/\/www.cdcipolletti.gob.ar\/index.php?rest_route=\/wp\/v2\/posts"}],"about":[{"href":"https:\/\/www.cdcipolletti.gob.ar\/index.php?rest_route=\/wp\/v2\/types\/post"}],"author":[{"embeddable":true,"href":"https:\/\/www.cdcipolletti.gob.ar\/index.php?rest_route=\/wp\/v2\/users\/3"}],"replies":[{"embeddable":true,"href":"https:\/\/www.cdcipolletti.gob.ar\/index.php?rest_route=%2Fwp%2Fv2%2Fcomments&post=3244"}],"version-history":[{"count":1,"href":"https:\/\/www.cdcipolletti.gob.ar\/index.php?rest_route=\/wp\/v2\/posts\/3244\/revisions"}],"predecessor-version":[{"id":3246,"href":"https:\/\/www.cdcipolletti.gob.ar\/index.php?rest_route=\/wp\/v2\/posts\/3244\/revisions\/3246"}],"wp:featuredmedia":[{"embeddable":true,"href":"https:\/\/www.cdcipolletti.gob.ar\/index.php?rest_route=\/wp\/v2\/media\/3245"}],"wp:attachment":[{"href":"https:\/\/www.cdcipolletti.gob.ar\/index.php?rest_route=%2Fwp%2Fv2%2Fmedia&parent=3244"}],"wp:term":[{"taxonomy":"category","embeddable":true,"href":"https:\/\/www.cdcipolletti.gob.ar\/index.php?rest_route=%2Fwp%2Fv2%2Fcategories&post=3244"},{"taxonomy":"post_tag","embeddable":true,"href":"https:\/\/www.cdcipolletti.gob.ar\/index.php?rest_route=%2Fwp%2Fv2%2Ftags&post=3244"}],"curies":[{"name":"wp","href":"https:\/\/api.w.org\/{rel}","templated":true}]}}