{"id":3239,"date":"2025-12-12T15:20:03","date_gmt":"2025-12-12T18:20:03","guid":{"rendered":"https:\/\/www.cdcipolletti.gob.ar\/?p=3239"},"modified":"2025-12-12T15:36:48","modified_gmt":"2025-12-12T18:36:48","slug":"concejales-votaran-proyectos-que-dan-mas-orden-a-la-ciudad","status":"publish","type":"post","link":"https:\/\/www.cdcipolletti.gob.ar\/?p=3239","title":{"rendered":"CONCEJALES VOTAR\u00c1N PROYECTOS QUE DAN M\u00c1S ORDEN A LA CIUDAD"},"content":{"rendered":"<p>Luego de la realizaci\u00f3n de la Comisi\u00f3n de Labor Parlamentaria, los Concejales decidieron llamar a la Sesi\u00f3n Ordinaria n\u00b0 1039 para el d\u00eda lunes 15 de diciembre a partir de las 09.00 hs. en el quinto piso de la Municipalidad. Las Sesiones son abierta a todo p\u00fablico, se transmiten en vivo por el Facebook del Concejo y se espera el acompa\u00f1amiento de los medios de prensa para que le pueden brindar informaci\u00f3n a los vecinos.<\/p>\n<p>Orden del D\u00eda:<\/p>\n<p>Sobre tablas:<\/p>\n<p>Expte. N\u00b0 098-B-2025 Bloque J.S.R.N Cjal. Dietrich Adriana: Proy. de Declaraci\u00f3n de Inter\u00e9s s\/ el Documental &#8220;Armando la historia, mujeres can\u00e1bicas del sur&#8221;.<\/p>\n<p>Informes de asuntos recibidos:<\/p>\n<p>Comunicaciones oficiales:<\/p>\n<p>Expte. N\u00b0 097-F-2025 Municipalidad- Direc. Administrativa y T\u00e9cnica: Proy. de Ord. de Tr\u00e1mite s\/ ratifica todo lo actuado por el PEM- suscripci\u00f3n convenio con el Gobierno de la Pcia. de R.N. COMISI\u00d3N DE HACIENDA Y COMISI\u00d3N GOBIERNO<\/p>\n<p>Expte. N\u00b0 101-M-2025 Municipalidad- Direc. de Desarrollo Territorial: Proy. de Ord. s\/ autorizaci\u00f3n en acciones pertinentes para el funcionamiento de la red de gas en b\u00b0 puente 83. COMISI\u00d3N DE OBRAS Y SERVICIOS P\u00daBLICOS<\/p>\n<p>Despachos de Comisi\u00f3n:<\/p>\n<p>Comisi\u00f3n de Gobierno:<\/p>\n<p>Expte.N\u00b0 076-M-2025 Municipalidad- Unidad Regional Quinta: Proy. de Ord. s\/ modificaci\u00f3n c\u00f3digo de faltas y controversias- Prohibici\u00f3n y\/o reglamentaci\u00f3n de actividades (lavacoches, malabaristas y manteros).<\/p>\n<p>Expte. N\u00b0 063-M-2025 Municipalidad- Secretar\u00eda de Fiscalizaci\u00f3n: Proy. de Ord. s\/ modificaci\u00f3n Ordenanza de Fondo n\u00b0 232\/14, Anexo VII C\u00f3digo de Transporte P\u00fablico- Servicio de Taxi.<\/p>\n<p>Expte. N\u00b0 061-M-2025 Municipalidad- Departamento de transporte: Proy. de Ord. s\/ facultar al PEM, a actualizar semestralmente la tarifa de veh\u00edculos tax\u00edmetros.<\/p>\n<p>Expte. N\u00b0 082-M-2025 Municipalidad: Proy. de Ord. s\/ modificar c\u00f3digo de faltas- Reglamentaci\u00f3n Transporte por Plataformas.<\/p>\n<p>Expte. N\u00b0 075-M-2025 Municipalidad- Departamento de Transporte: Proy. de Ord. S\/ extender plazo establecido por Ord. 232\/14 y anexos (renovaci\u00f3n unidades de taxi).<\/p>\n<p>Expte. N\u00b0 084-M-2025 Municipalidad: Proy. De Ord. S\/ Modificar C\u00f3digo de Comercio &#8211; Reglamentaci\u00f3n horarios actividades nocturnas.<\/p>\n<p>Expte. N\u00b0 077-M-2025 Municipalidad \u2013 Sec. De Obras P\u00fablicas y Servicios: Proy. de Ord. s\/ proceder a la clausura del registro de oposici\u00f3n, Obra pavimento 214 cuadras.<\/p>\n<p>Expte. N\u00b0 080-M-2025 Municipalidad- Sec. De Obras P\u00fablicas y Servicios: Proy. de Ord. s\/ proceder a la clausura del registro de oposici\u00f3n, obra recambio luminarias led.<\/p>\n<p>Expte. N\u00b0 081-M-2025 Municipalidad \u2013 Club C. Almafuerte:Proy. de Ord. S\/ proceder a la desafectaci\u00f3n de condici\u00f3n de uso p\u00fablico y cesi\u00f3n P\/C 03-H-204-01 a la Asoc. Civil Club C. Almafuerte.<\/p>\n<p>Comisi\u00f3n de Hacienda:<\/p>\n<p>Expte. N\u00b0 083-M-2025 Municipalidad \u2013 Dir. Admin. Y T\u00e9cnica: Proy. de Ord. s\/ modificar cuadro tarifario.<\/p>\n<p>&nbsp;<\/p>\n<p>&nbsp;<\/p>\n<p>&nbsp;<\/p>\n<p>&nbsp;<\/p>\n<p>&nbsp;<\/p>\n<p>&nbsp;<\/p>\n","protected":false},"excerpt":{"rendered":"<p>Luego de la realizaci\u00f3n de la Comisi\u00f3n de Labor Parlamentaria, los Concejales decidieron llamar a la Sesi\u00f3n Ordinaria n\u00b0 1039 para el d\u00eda lunes 15 de diciembre a partir de las 09.00 hs. en el quinto piso de la Municipalidad. Las Sesiones son abierta a todo p\u00fablico, se transmiten en vivo por el Facebook del &hellip; <\/p>\n<p class=\"link-more\"><a href=\"https:\/\/www.cdcipolletti.gob.ar\/?p=3239\" class=\"more-link\">more<span class=\"screen-reader-text\"> &#8220;CONCEJALES VOTAR\u00c1N PROYECTOS QUE DAN M\u00c1S ORDEN A LA CIUDAD&#8221;<\/span><\/a><\/p>\n","protected":false},"author":3,"featured_media":3240,"comment_status":"closed","ping_status":"closed","sticky":false,"template":"","format":"standard","meta":[],"categories":[35],"tags":[],"_links":{"self":[{"href":"https:\/\/www.cdcipolletti.gob.ar\/index.php?rest_route=\/wp\/v2\/posts\/3239"}],"collection":[{"href":"https:\/\/www.cdcipolletti.gob.ar\/index.php?rest_route=\/wp\/v2\/posts"}],"about":[{"href":"https:\/\/www.cdcipolletti.gob.ar\/index.php?rest_route=\/wp\/v2\/types\/post"}],"author":[{"embeddable":true,"href":"https:\/\/www.cdcipolletti.gob.ar\/index.php?rest_route=\/wp\/v2\/users\/3"}],"replies":[{"embeddable":true,"href":"https:\/\/www.cdcipolletti.gob.ar\/index.php?rest_route=%2Fwp%2Fv2%2Fcomments&post=3239"}],"version-history":[{"count":3,"href":"https:\/\/www.cdcipolletti.gob.ar\/index.php?rest_route=\/wp\/v2\/posts\/3239\/revisions"}],"predecessor-version":[{"id":3243,"href":"https:\/\/www.cdcipolletti.gob.ar\/index.php?rest_route=\/wp\/v2\/posts\/3239\/revisions\/3243"}],"wp:featuredmedia":[{"embeddable":true,"href":"https:\/\/www.cdcipolletti.gob.ar\/index.php?rest_route=\/wp\/v2\/media\/3240"}],"wp:attachment":[{"href":"https:\/\/www.cdcipolletti.gob.ar\/index.php?rest_route=%2Fwp%2Fv2%2Fmedia&parent=3239"}],"wp:term":[{"taxonomy":"category","embeddable":true,"href":"https:\/\/www.cdcipolletti.gob.ar\/index.php?rest_route=%2Fwp%2Fv2%2Fcategories&post=3239"},{"taxonomy":"post_tag","embeddable":true,"href":"https:\/\/www.cdcipolletti.gob.ar\/index.php?rest_route=%2Fwp%2Fv2%2Ftags&post=3239"}],"curies":[{"name":"wp","href":"https:\/\/api.w.org\/{rel}","templated":true}]}}