{"id":3234,"date":"2025-12-04T13:47:25","date_gmt":"2025-12-04T16:47:25","guid":{"rendered":"https:\/\/www.cdcipolletti.gob.ar\/?p=3234"},"modified":"2025-12-04T13:48:39","modified_gmt":"2025-12-04T16:48:39","slug":"cipolletti-avanza-en-orden-y-modernizacion","status":"publish","type":"post","link":"https:\/\/www.cdcipolletti.gob.ar\/?p=3234","title":{"rendered":"CIPOLLETTI AVANZA EN ORDEN Y MODERNIZACI\u00d3N"},"content":{"rendered":"<p>En el d\u00eda de ayer, mi\u00e9rcoles 3 de diciembre desde las 9.00 hs., el Concejo Deliberante realiz\u00f3 una nueva Comisi\u00f3n de Gobierno la cual\u00a0 preside el Concejal Mart\u00edn Posse. Estuvieron presentes la Presidenta del Concejo Karina Alvarez, y los Concejales Mar\u00eda Jos\u00e9 Manonelles, Ana Mar\u00eda Napoli y Oscar Langowski. Y en caracter de invitados participaron, el Secretario de Fiscalizaci\u00f3n, el Jefe de Transporte, el Director de Dict\u00e1menes y Coordinaci\u00f3n Jur\u00eddica y el Director de Tecnolog\u00eda y Gesti\u00f3n Digital. Durante la Comisi\u00f3n se trataron temas claves para la ciudad.<\/p>\n<p>REGULACI\u00d3N DE ACTIVIDADES EN LA V\u00cdA P\u00daBLICA<\/p>\n<p>El Concejo Deliberante analiz\u00f3 un Proyecto de Ordenanza que propone modificar el C\u00f3digo Municipal de Faltas para regular actividades como la venta ambulante, la limpieza de vidrios, el cuidado de autos y malabaristas en sem\u00e1foros, calles y avenidas. La iniciativa surge ante el aumento de reclamos vecinales y de intervenciones policiales por situaciones de conflicto e inseguridad en distintos puntos de la ciudad.<\/p>\n<p>La propuesta es iniciada por la Unidad Regional V de Cipolletti. Tiene el objetivo de brindar un marco legal claro y actualizado que permita ordenar el espacio p\u00fablico, mejorar la seguridad vial y garantizar la convivencia.<\/p>\n<p>LUZ VERDE AL TRANSPORTE POR PLATAFORMAS<\/p>\n<p>Tambi\u00e9n el Concejo dio tratamiento al Proyecto de Ordenanza que establece el marco normativo para los Servicios de Transporte de Pasajeros a trav\u00e9s de Plataformas Tecnol\u00f3gicas de Intermediaci\u00f3n. Esta iniciativa, impulsada por el Ejecutivo Municipal, busca modernizar el C\u00f3digo de Transporte vigente, garantizando la eficiencia y calidad de estas nuevas modalidades de movilidad urbana. El objetivo es formalizar el servicio, integr\u00e1ndolo de manera legal y equitativa al sistema de transporte de la ciudad.<\/p>\n<p>La implementaci\u00f3n de plataformas tecnol\u00f3gicas para el transporte de pasajeros se ha expandido en m\u00faltiples jurisdicciones bajo diversos formatos, mostrando la necesidad de acompa\u00f1ar estos procesos mediante regulaciones locales.<\/p>\n<p>LA PALABRA DE CONCEJALES<\/p>\n<p>El Concejal Mart\u00edn Posse expres\u00f3: &#8220;Mi compromiso es con un Cipolletti moderno, seguro y ordenado. Adpatar nuestra normativa a la realidad actual&#8221;. A su vez, la Presidenta del Concejo, Karina Alvarez sum\u00f3: &#8220;Es fundamental ordenar la v\u00eda p\u00fablica dando respuestas a los reclamos de vecinos por seguridad. Garantizando una mayor convivencia en nuestra ciudad. Tambi\u00e9n, estamos modernizando nuestro C\u00f3digo de Transporte con el objetivo central de garantizar servicios para todos los ciudadanos y fomentar la libre competencia&#8221;.<\/p>\n","protected":false},"excerpt":{"rendered":"<p>En el d\u00eda de ayer, mi\u00e9rcoles 3 de diciembre desde las 9.00 hs., el Concejo Deliberante realiz\u00f3 una nueva Comisi\u00f3n de Gobierno la cual\u00a0 preside el Concejal Mart\u00edn Posse. Estuvieron presentes la Presidenta del Concejo Karina Alvarez, y los Concejales Mar\u00eda Jos\u00e9 Manonelles, Ana Mar\u00eda Napoli y Oscar Langowski. Y en caracter de invitados participaron, &hellip; <\/p>\n<p class=\"link-more\"><a href=\"https:\/\/www.cdcipolletti.gob.ar\/?p=3234\" class=\"more-link\">more<span class=\"screen-reader-text\"> &#8220;CIPOLLETTI AVANZA EN ORDEN Y MODERNIZACI\u00d3N&#8221;<\/span><\/a><\/p>\n","protected":false},"author":3,"featured_media":3236,"comment_status":"closed","ping_status":"closed","sticky":false,"template":"","format":"standard","meta":[],"categories":[35],"tags":[],"_links":{"self":[{"href":"https:\/\/www.cdcipolletti.gob.ar\/index.php?rest_route=\/wp\/v2\/posts\/3234"}],"collection":[{"href":"https:\/\/www.cdcipolletti.gob.ar\/index.php?rest_route=\/wp\/v2\/posts"}],"about":[{"href":"https:\/\/www.cdcipolletti.gob.ar\/index.php?rest_route=\/wp\/v2\/types\/post"}],"author":[{"embeddable":true,"href":"https:\/\/www.cdcipolletti.gob.ar\/index.php?rest_route=\/wp\/v2\/users\/3"}],"replies":[{"embeddable":true,"href":"https:\/\/www.cdcipolletti.gob.ar\/index.php?rest_route=%2Fwp%2Fv2%2Fcomments&post=3234"}],"version-history":[{"count":2,"href":"https:\/\/www.cdcipolletti.gob.ar\/index.php?rest_route=\/wp\/v2\/posts\/3234\/revisions"}],"predecessor-version":[{"id":3238,"href":"https:\/\/www.cdcipolletti.gob.ar\/index.php?rest_route=\/wp\/v2\/posts\/3234\/revisions\/3238"}],"wp:featuredmedia":[{"embeddable":true,"href":"https:\/\/www.cdcipolletti.gob.ar\/index.php?rest_route=\/wp\/v2\/media\/3236"}],"wp:attachment":[{"href":"https:\/\/www.cdcipolletti.gob.ar\/index.php?rest_route=%2Fwp%2Fv2%2Fmedia&parent=3234"}],"wp:term":[{"taxonomy":"category","embeddable":true,"href":"https:\/\/www.cdcipolletti.gob.ar\/index.php?rest_route=%2Fwp%2Fv2%2Fcategories&post=3234"},{"taxonomy":"post_tag","embeddable":true,"href":"https:\/\/www.cdcipolletti.gob.ar\/index.php?rest_route=%2Fwp%2Fv2%2Ftags&post=3234"}],"curies":[{"name":"wp","href":"https:\/\/api.w.org\/{rel}","templated":true}]}}