{"id":3192,"date":"2025-09-10T11:06:19","date_gmt":"2025-09-10T14:06:19","guid":{"rendered":"https:\/\/www.cdcipolletti.gob.ar\/?p=3192"},"modified":"2025-09-10T11:07:14","modified_gmt":"2025-09-10T14:07:14","slug":"el-concejo-esta-semana-volvio-a-sesionar","status":"publish","type":"post","link":"https:\/\/www.cdcipolletti.gob.ar\/?p=3192","title":{"rendered":"EL CONCEJO ESTA SEMANA VOLVI\u00d3 A SESIONAR"},"content":{"rendered":"<p>En la ma\u00f1ana de hoy 10 de septiembre el Concejo Deliberante realiz\u00f3 la Sesi\u00f3n Ordinaria n\u00b0 1036 en el quinto piso de la Municipalidad. Estuvieron presentes, la Presidenta del Concejo Karina Alvarez, y los Concejales Adriana Dietrich, Mart\u00edn Posse, Mar\u00eda Jos\u00e9 Manonelles, Oscar Langowski y Ana Mar\u00eda Napoli.<\/p>\n<p>Por unanimidad, sobre tablas se aprobaron:<\/p>\n<p>1) 065-B-2025 BLOQUE JUNTOS SOMOS R\u00cdO NEGRO \u2013 ELEVA PROYECTO DE DECLARACI\u00d3N: Solicita declarar de Inter\u00e9s Municipal al \u201cConcurso de habilidades quir\u00fargicas y las jornadas Te\u00f3ricas AACCM-CATM\u201d.<\/p>\n<p>El Curso se realizar\u00e1 los d\u00edas 19 y 20 de septiembre en la sede del Rotary Club Cipolletti.<\/p>\n<p>Para exponer sobre esta declaraci\u00f3n particip\u00f3 el Dr. Mat\u00edas Fracalossi y Fernando Frassetto en representaci\u00f3n del Rotary Club Cipolletti.<\/p>\n<p>2) 064-B-2025 BLOQUE JUNTOS SOMOS R\u00cdO NEGRO \u2013 ELEVA PROYECTO DE DECLARACI\u00d3N: Solicita declarar de Inter\u00e9s Municipal el evento deportivo \u201cJuegos Deportivos Interfacultades de la Universidad Nacional del Comahue\u201d a\u00f1o 2025.<\/p>\n<p>Los juegos interfacultades se llevar\u00e1n adelante los d\u00edas 12, 13 de septiembre en Cipolletti y Neuqu\u00e9n.<\/p>\n<p>Para el tratamiento sobre tablas estuvo presente Alejandro Dominguez, Coordinador de la Universidad y el Director General de Deportes de la Municipalidad Leandro Domini.<\/p>\n<p>En la Sesi\u00f3n tambi\u00e9n se vot\u00f3 el ingreso a comisi\u00f3n de diferentes Proyectos. Esto significa que los Proyectos se trabajar\u00e1n en futuras reuniones para que luego se puedan llevar a votaci\u00f3n.<\/p>\n<p>&nbsp;<\/p>\n<p>&nbsp;<\/p>\n","protected":false},"excerpt":{"rendered":"<p>En la ma\u00f1ana de hoy 10 de septiembre el Concejo Deliberante realiz\u00f3 la Sesi\u00f3n Ordinaria n\u00b0 1036 en el quinto piso de la Municipalidad. Estuvieron presentes, la Presidenta del Concejo Karina Alvarez, y los Concejales Adriana Dietrich, Mart\u00edn Posse, Mar\u00eda Jos\u00e9 Manonelles, Oscar Langowski y Ana Mar\u00eda Napoli. Por unanimidad, sobre tablas se aprobaron: 1) &hellip; <\/p>\n<p class=\"link-more\"><a href=\"https:\/\/www.cdcipolletti.gob.ar\/?p=3192\" class=\"more-link\">more<span class=\"screen-reader-text\"> &#8220;EL CONCEJO ESTA SEMANA VOLVI\u00d3 A SESIONAR&#8221;<\/span><\/a><\/p>\n","protected":false},"author":3,"featured_media":3193,"comment_status":"closed","ping_status":"closed","sticky":false,"template":"","format":"standard","meta":[],"categories":[35],"tags":[],"_links":{"self":[{"href":"https:\/\/www.cdcipolletti.gob.ar\/index.php?rest_route=\/wp\/v2\/posts\/3192"}],"collection":[{"href":"https:\/\/www.cdcipolletti.gob.ar\/index.php?rest_route=\/wp\/v2\/posts"}],"about":[{"href":"https:\/\/www.cdcipolletti.gob.ar\/index.php?rest_route=\/wp\/v2\/types\/post"}],"author":[{"embeddable":true,"href":"https:\/\/www.cdcipolletti.gob.ar\/index.php?rest_route=\/wp\/v2\/users\/3"}],"replies":[{"embeddable":true,"href":"https:\/\/www.cdcipolletti.gob.ar\/index.php?rest_route=%2Fwp%2Fv2%2Fcomments&post=3192"}],"version-history":[{"count":1,"href":"https:\/\/www.cdcipolletti.gob.ar\/index.php?rest_route=\/wp\/v2\/posts\/3192\/revisions"}],"predecessor-version":[{"id":3194,"href":"https:\/\/www.cdcipolletti.gob.ar\/index.php?rest_route=\/wp\/v2\/posts\/3192\/revisions\/3194"}],"wp:featuredmedia":[{"embeddable":true,"href":"https:\/\/www.cdcipolletti.gob.ar\/index.php?rest_route=\/wp\/v2\/media\/3193"}],"wp:attachment":[{"href":"https:\/\/www.cdcipolletti.gob.ar\/index.php?rest_route=%2Fwp%2Fv2%2Fmedia&parent=3192"}],"wp:term":[{"taxonomy":"category","embeddable":true,"href":"https:\/\/www.cdcipolletti.gob.ar\/index.php?rest_route=%2Fwp%2Fv2%2Fcategories&post=3192"},{"taxonomy":"post_tag","embeddable":true,"href":"https:\/\/www.cdcipolletti.gob.ar\/index.php?rest_route=%2Fwp%2Fv2%2Ftags&post=3192"}],"curies":[{"name":"wp","href":"https:\/\/api.w.org\/{rel}","templated":true}]}}