{"id":3105,"date":"2025-03-05T13:56:23","date_gmt":"2025-03-05T16:56:23","guid":{"rendered":"https:\/\/www.cdcipolletti.gob.ar\/?p=3105"},"modified":"2025-03-18T12:21:58","modified_gmt":"2025-03-18T15:21:58","slug":"se-realizo-el-acto-de-apertura-del-38-periodo-sesiones-ordinarias-2025","status":"publish","type":"post","link":"https:\/\/www.cdcipolletti.gob.ar\/?p=3105","title":{"rendered":"SE REALIZ\u00d3 EL ACTO DE APERTURA DEL  38\u00b0 PER\u00cdODO SESIONES ORDINARIAS 2025"},"content":{"rendered":"<p>El d\u00eda s\u00e1bado 1ro de marzo desde las 11.00 hs. en el Complejo Cultural se realiz\u00f3 la Apertura 38\u00b0 de un nuevo per\u00edodo de Sesiones Legislativas.<\/p>\n<p>Encabezaron el acto la Presidenta del Concejo Karina Alvarez, el Intendete Rodrigo Buteler y los Concejales Adriana Dietrich, Mart\u00edn Posse , Mar\u00eda Jos\u00e9 Manonelles, Oscar Langowski y Ana Napoli.<\/p>\n<p>Acompa\u00f1\u00f3 el Contralor Municipal Daniel Jos\u00e9 Herczeg, gabinete , fuerzas de seguridad, autoridades, instituciones, organizaciones, sindicatos, gremios, prensa y p\u00fablico en general.<\/p>\n<p>La Presidenta del Concejo dio inicio al Per\u00edodo Legislativo 2025 resaltando el trabajo en equipo del primer a\u00f1o de gesti\u00f3n. Reafirm\u00f3 su compromiso y responsabilidad para acompa\u00f1ar cada Proyecto que ayude al crecimiento de los vecinos de Cipolletti y le agradeci\u00f3 al Intendente por la confianza. Seguidamente le dio la palabra al Intendente.<\/p>\n<p>Buteler anunci\u00f3 que la obra p\u00fablica ser\u00e1 prioridad en este nuevo a\u00f1o. Afirm\u00f3: &#8220;Se asfaltar\u00e1n 214 cuadras&#8221;. Adelant\u00f3 que las calles ser\u00e1n m\u00e1s seguras y con m\u00e1s se\u00f1alizaci\u00f3n de sendas peatonales y sem\u00e1foros. Tambi\u00e9n, la incorporaci\u00f3n de las c\u00e1maras de seguridad y lectoras de patentes.<\/p>\n<p>El Intendente, destac\u00f3 el trabajo de planificaci\u00f3n estrat\u00e9gica por el crecimiento de la ciudad. Adem\u00e1s, inform\u00f3 sobre la creaci\u00f3n de m\u00e1s espacios verdes. Tres nuevas plazas y dos nuevos playones deportivos. Asimismo mencion\u00f3 que habr\u00e1 mayor agilidad en tr\u00e1mites municipales, entre otros grandes anuncios.<\/p>\n<p>Finalizando, Alvarez pas\u00f3 a un cuarto intermedio la Sesi\u00f3n. De esta manera los Concejales podr\u00e1n comenzar a trabajar en Comisiones todos los Proyectos.<\/p>\n","protected":false},"excerpt":{"rendered":"<p>El d\u00eda s\u00e1bado 1ro de marzo desde las 11.00 hs. en el Complejo Cultural se realiz\u00f3 la Apertura 38\u00b0 de un nuevo per\u00edodo de Sesiones Legislativas. Encabezaron el acto la Presidenta del Concejo Karina Alvarez, el Intendete Rodrigo Buteler y los Concejales Adriana Dietrich, Mart\u00edn Posse , Mar\u00eda Jos\u00e9 Manonelles, Oscar Langowski y Ana Napoli. &hellip; <\/p>\n<p class=\"link-more\"><a href=\"https:\/\/www.cdcipolletti.gob.ar\/?p=3105\" class=\"more-link\">more<span class=\"screen-reader-text\"> &#8220;SE REALIZ\u00d3 EL ACTO DE APERTURA DEL  38\u00b0 PER\u00cdODO SESIONES ORDINARIAS 2025&#8221;<\/span><\/a><\/p>\n","protected":false},"author":3,"featured_media":3113,"comment_status":"closed","ping_status":"closed","sticky":false,"template":"","format":"standard","meta":[],"categories":[35],"tags":[],"_links":{"self":[{"href":"https:\/\/www.cdcipolletti.gob.ar\/index.php?rest_route=\/wp\/v2\/posts\/3105"}],"collection":[{"href":"https:\/\/www.cdcipolletti.gob.ar\/index.php?rest_route=\/wp\/v2\/posts"}],"about":[{"href":"https:\/\/www.cdcipolletti.gob.ar\/index.php?rest_route=\/wp\/v2\/types\/post"}],"author":[{"embeddable":true,"href":"https:\/\/www.cdcipolletti.gob.ar\/index.php?rest_route=\/wp\/v2\/users\/3"}],"replies":[{"embeddable":true,"href":"https:\/\/www.cdcipolletti.gob.ar\/index.php?rest_route=%2Fwp%2Fv2%2Fcomments&post=3105"}],"version-history":[{"count":1,"href":"https:\/\/www.cdcipolletti.gob.ar\/index.php?rest_route=\/wp\/v2\/posts\/3105\/revisions"}],"predecessor-version":[{"id":3106,"href":"https:\/\/www.cdcipolletti.gob.ar\/index.php?rest_route=\/wp\/v2\/posts\/3105\/revisions\/3106"}],"wp:featuredmedia":[{"embeddable":true,"href":"https:\/\/www.cdcipolletti.gob.ar\/index.php?rest_route=\/wp\/v2\/media\/3113"}],"wp:attachment":[{"href":"https:\/\/www.cdcipolletti.gob.ar\/index.php?rest_route=%2Fwp%2Fv2%2Fmedia&parent=3105"}],"wp:term":[{"taxonomy":"category","embeddable":true,"href":"https:\/\/www.cdcipolletti.gob.ar\/index.php?rest_route=%2Fwp%2Fv2%2Fcategories&post=3105"},{"taxonomy":"post_tag","embeddable":true,"href":"https:\/\/www.cdcipolletti.gob.ar\/index.php?rest_route=%2Fwp%2Fv2%2Ftags&post=3105"}],"curies":[{"name":"wp","href":"https:\/\/api.w.org\/{rel}","templated":true}]}}