{"id":3080,"date":"2024-11-25T12:21:25","date_gmt":"2024-11-25T15:21:25","guid":{"rendered":"https:\/\/www.cdcipolletti.gob.ar\/?p=3080"},"modified":"2024-11-25T13:01:16","modified_gmt":"2024-11-25T16:01:16","slug":"proyecto-historico-se-aprueba-en-cipolletti","status":"publish","type":"post","link":"https:\/\/www.cdcipolletti.gob.ar\/?p=3080","title":{"rendered":"PROYECTO HIST\u00d3RICO SE APRUEBA EN CIPOLLETTI"},"content":{"rendered":"<p>En la Sesi\u00f3n Ordinaria n\u00b0 1027 del Concejo Deliberante, realizada el d\u00eda viernes 22 de noviembre, se aprob\u00f3 a favor de manera un\u00e1nime de los presentes un Proyecto pionero en la provincia. Por ello, Cipolletti es la primera ciudad\u00a0 de R\u00edo Negro con PIROTECNIA CERO, de efectos sonoros y luminosos.<\/p>\n<p>La aprobaci\u00f3n del Proyecto de Ordenanza busca la empat\u00eda de la comunidad de Cipolletti, generar que los vecinos de la ciudad puedan festejar desde el respeto y\u00a0 la diversidad.<\/p>\n<p>Este Proyecto es sumamente importante para la seguridad y el bienestar de todos. Por lo que previene incendios y accidentes, teniendo presente que el Alto Valle es una zona seca con fuertes r\u00e1fagas de viento. Evitando as\u00ed la contaminaci\u00f3n del medio ambiente.<\/p>\n<p>Los accidentes generados por pirotecnia no solo afectan a quienes la manipulan sino que ponen en riesgo a toda la comunidad, lo que en ocasiones aumenta la carga del personal de salud del Hospital, que se ve obligado a atender emergencias que podr\u00edan evitarse.<\/p>\n<p>Asimismo, el Proyecto de Pirotecnia Cero protege a las personas con autismo y el bienestar de los animales, quienes son especialmente sensibles al ruido intenso y repentino. Esto ayudar\u00e1 a crear un ambiente m\u00e1s amigable e inclusivo para todos.<\/p>\n<p>Por otro lado, el uso de pirotecnia perjudica a adultos mayores, ex veteranos de Malvinas y otros seres humanos que tenga hipersensibilidad auditiva.<\/p>\n<p>Quienes realizan el control por parte de la Municipalidad manifestaron que buscan que no hayan discrepancias en las requisas de productos ya que hasta el momento resultan engorrosas en diferenciar el tipo de pirotecnia.<\/p>\n<p>En consecuencia, la Presidenta del Concejo Karina Alvarez, y los Concejales Mart\u00edn Posse, Adriana Dietrich, Mar\u00eda Jos\u00e9 Manonelles y Ana Mar\u00eda Napoli aprobaron el Proyecto. El cual se trat\u00f3 en la Comisi\u00f3n de Gobierno y que hizo part\u00edcipe al Secretario de Fiscalizaci\u00f3n Gonzalo Regueiro, al Director de Comercio Diego Zu\u00f1iga, al Jefe de explosivos de R\u00edo Negro Gonzalo Cardozo, a integrantes de la C\u00e1mara de Comercio, a Marisa Figueroa (mam\u00e1 de ni\u00f1o con TEA), a Sol Acosta de la Fundaci\u00f3n SOS animal y a la Directora de Protecci\u00f3n Civil Ayel\u00e9n Quijada, para trabajar de manera mancomunada, escuchando todas las voces y evacuando dudas. Adem\u00e1s, la decisi\u00f3n fue acompa\u00f1ada por la Comunidad Empoderada Autista Familia Neurodiversa, el Presidente de la C\u00e1mara de Comercio Jos\u00e9 Luis Bunter, la Municipalidad, entre otras.<\/p>\n<p>La Direcci\u00f3n de Comercio de la Municipalidad fue quien present\u00f3 el Proyecto de Ordenanza &#8220;Pirotecnia Cero&#8221; modificando el\u00a0 art\u00edculo\u00a0 228, de la Ordenanza de Fondo 462\/22. Esto significa la modificaci\u00f3n del c\u00f3digo de habilitaciones comerciales a fin de prohibir la comercializaci\u00f3n, uso y tenencia en todo el ejido municipal de artefactos pirot\u00e9cnicos de uso festivo.<\/p>\n<p>Detalladamente el Proyecto proh\u00edbe la fabricaci\u00f3n, comercializaci\u00f3n, distribuci\u00f3n, tenencia, exhibici\u00f3n, portaci\u00f3n, dep\u00f3sito, y uso p\u00fablico o privado de cualquier tipo de pirotecnia o coheter\u00eda\u00a0 de efectos audibles o luminosos, sean estos de fabricaci\u00f3n autorizada en otras jurisdicciones, de venta libre o no.<\/p>\n<p>Quienes utilicen, vendan, o distribuyan pirotecnia de manera ilegal ser\u00e1n sancionados. Desde Fiscalizaci\u00f3n, se invita a los vecinos a realizar las denuncias correspondientes al 147. Quedando excluidos los artificios pirot\u00e9cnicos que sean destinados a se\u00f1ales de auxilio, emergencias n\u00e1uticas, uso de fuerzas armadas, de seguridad y protecci\u00f3n civil.<\/p>\n<p>&nbsp;<\/p>\n<p>&nbsp;<\/p>\n<p>&nbsp;<\/p>\n","protected":false},"excerpt":{"rendered":"<p>En la Sesi\u00f3n Ordinaria n\u00b0 1027 del Concejo Deliberante, realizada el d\u00eda viernes 22 de noviembre, se aprob\u00f3 a favor de manera un\u00e1nime de los presentes un Proyecto pionero en la provincia. Por ello, Cipolletti es la primera ciudad\u00a0 de R\u00edo Negro con PIROTECNIA CERO, de efectos sonoros y luminosos. La aprobaci\u00f3n del Proyecto de &hellip; <\/p>\n<p class=\"link-more\"><a href=\"https:\/\/www.cdcipolletti.gob.ar\/?p=3080\" class=\"more-link\">more<span class=\"screen-reader-text\"> &#8220;PROYECTO HIST\u00d3RICO SE APRUEBA EN CIPOLLETTI&#8221;<\/span><\/a><\/p>\n","protected":false},"author":3,"featured_media":3081,"comment_status":"closed","ping_status":"closed","sticky":false,"template":"","format":"standard","meta":[],"categories":[35],"tags":[],"_links":{"self":[{"href":"https:\/\/www.cdcipolletti.gob.ar\/index.php?rest_route=\/wp\/v2\/posts\/3080"}],"collection":[{"href":"https:\/\/www.cdcipolletti.gob.ar\/index.php?rest_route=\/wp\/v2\/posts"}],"about":[{"href":"https:\/\/www.cdcipolletti.gob.ar\/index.php?rest_route=\/wp\/v2\/types\/post"}],"author":[{"embeddable":true,"href":"https:\/\/www.cdcipolletti.gob.ar\/index.php?rest_route=\/wp\/v2\/users\/3"}],"replies":[{"embeddable":true,"href":"https:\/\/www.cdcipolletti.gob.ar\/index.php?rest_route=%2Fwp%2Fv2%2Fcomments&post=3080"}],"version-history":[{"count":6,"href":"https:\/\/www.cdcipolletti.gob.ar\/index.php?rest_route=\/wp\/v2\/posts\/3080\/revisions"}],"predecessor-version":[{"id":3087,"href":"https:\/\/www.cdcipolletti.gob.ar\/index.php?rest_route=\/wp\/v2\/posts\/3080\/revisions\/3087"}],"wp:featuredmedia":[{"embeddable":true,"href":"https:\/\/www.cdcipolletti.gob.ar\/index.php?rest_route=\/wp\/v2\/media\/3081"}],"wp:attachment":[{"href":"https:\/\/www.cdcipolletti.gob.ar\/index.php?rest_route=%2Fwp%2Fv2%2Fmedia&parent=3080"}],"wp:term":[{"taxonomy":"category","embeddable":true,"href":"https:\/\/www.cdcipolletti.gob.ar\/index.php?rest_route=%2Fwp%2Fv2%2Fcategories&post=3080"},{"taxonomy":"post_tag","embeddable":true,"href":"https:\/\/www.cdcipolletti.gob.ar\/index.php?rest_route=%2Fwp%2Fv2%2Ftags&post=3080"}],"curies":[{"name":"wp","href":"https:\/\/api.w.org\/{rel}","templated":true}]}}