{"id":3072,"date":"2024-11-21T12:45:54","date_gmt":"2024-11-21T15:45:54","guid":{"rendered":"https:\/\/www.cdcipolletti.gob.ar\/?p=3072"},"modified":"2024-11-21T12:45:54","modified_gmt":"2024-11-21T15:45:54","slug":"sesion-ordinaria-el-dia-viernes-22-de-noviembre","status":"publish","type":"post","link":"https:\/\/www.cdcipolletti.gob.ar\/?p=3072","title":{"rendered":"SESI\u00d3N ORDINARIA EL D\u00cdA VIERNES 22 DE NOVIEMBRE"},"content":{"rendered":"<p>En el d\u00eda de ma\u00f1ana viernes 22 de noviembre se realizar\u00e1 la <strong>S<\/strong>esi\u00f3n Ordinaria N\u00b0 1027 de este Concejo Deliberante. La misma ser\u00e1 a partir de las 12.00 hs. en el quinto piso de la Municipalidad.<\/p>\n<p>El Orden del D\u00eda es el siguiente:<\/p>\n<p>INFORMES DE ASUNTOS INGRESADOS:<br \/>\nCOMUNICACIONES OFICIALES<\/p>\n<p>-Entrada: 132\/24<\/p>\n<p>PRESIDENCIA CONCEJO DELIBERANTE- Concejal Karina<br \/>\nAlvarez \u2013<\/p>\n<p>PROYECTO DE ORDENANZA DE FONDO S\/<br \/>\nPresupuesto de gastos y c\u00e1lculos del Concejo Deliberante.<\/p>\n<p>Se resolvi\u00f3: COMISI\u00d3N DE HACIENDA<\/p>\n<p>-Entrada: 138\/24<\/p>\n<p>Municipalidad \u2013<\/p>\n<p>PROYECTO DE ORDENANZA DE FONDO S\/ Presupuesto de Gastos y Recursos del 2025 &#8211; PEM.<\/p>\n<p>Se resolvi\u00f3: COMISI\u00d3N DE HACIENDA<\/p>\n<p>-Entrada: 140\/24<\/p>\n<p>Municipalidad \u2013<\/p>\n<p>PROYECTO DE ORDENANZA DE FONDO S\/ Ordenanza tarifaria 2025 (Mod. C\u00f3digo Tributario).<\/p>\n<p>Se resolvi\u00f3: COMISI\u00d3N DE HACIENDA<\/p>\n<p>-Entrada: 129\/24<\/p>\n<p>ASOCIACI\u00d3N BOMBEROS VOLUNTARIOS &#8211;<\/p>\n<p>PROYECTO DE ORDENANZA DE FONDO S\/ Conservador de sistemas y elementos de<br \/>\nProtecci\u00f3n contra incendios.<\/p>\n<p>Se resolvi\u00f3: COMISI\u00d3N DE OBRAS<\/p>\n<p>-Entrada: 131\/24<\/p>\n<p>COMUNIDAD LGBTIQNB+ &#8211;<\/p>\n<p>PROYECTO DE DECLARACI\u00d3N<br \/>\nDE INTER\u00c9S MUNICIPAL S\/ la Marcha\u00a0 del orgullo<br \/>\nLGBTTIQNB+.<\/p>\n<p>Se resolvi\u00f3: COMISI\u00d3N DE DESARROLLO HUMANO Y FLIA<\/p>\n<p>-Entrada: 134\/24<\/p>\n<p>ASOCIACI\u00d3N CIVIL DE SOLDADOS POR MALVINAS<br \/>\nARGENTINAS \u2013 PROYECTO RESOLUCI\u00d3N S\/ Reconocimiento<br \/>\nHist\u00f3rico Soldados de Malvinas.<\/p>\n<p>Se resolvi\u00f3: COMISI\u00d3N DE DESARROLLO HUMANO Y FLIA<\/p>\n<p>-Entrada: 137\/24<\/p>\n<p>MARABUNTA &#8211;<\/p>\n<p>PROYECTO DE ORDENANZA DE TR\u00c1MITE S\/<br \/>\nConservador de sistemas y elementos de Protecci\u00f3n contra incendios.<\/p>\n<p>Se resolvi\u00f3: COMISI\u00d3N DE GOBIERNO<\/p>\n<p>DESPACHOS DE COMISIONES<\/p>\n<p>PERMANENTES<\/p>\n<p>-EXPEDIENTE: 051\/24<\/p>\n<p>Municipalidad \u2013 Direc. General Legal y T\u00e9cnica \u2013<\/p>\n<p>PROYECTO DE ORDENANZA S\/ Desafectar de Condici\u00f3n de uso p\u00fablico a espacio verde 03-1-J-<br \/>\n32-09A.<\/p>\n<p>Despacho de fecha 07\/11\/24<\/p>\n<p>-EXPEDIENTE: 101\/24<\/p>\n<p>Municipalidad \u2013 PROYECTO DE ORDENANZA S\/ Autorizaci\u00f3n para donar<br \/>\nparcela 033-1-C-605-12A a biblioteca Ra\u00fal Entraigas.<\/p>\n<p>Despacho de fecha 07\/11\/24<\/p>\n<p>-EXPEDIENTE: 104\/24<br \/>\nMunicipalidad \u2013 Direc. De Cooperativas \u2013 PROYECTO DE FONDO S\/<br \/>\nAutorizar Donaci\u00f3n de la Parcela 03-1-H-242-20, en favor de la Sra. Tejeda del<br \/>\nRio, Mercedes.<\/p>\n<p>Despacho de fecha 07\/11\/24<\/p>\n<p>-EXPEDIENTE: 105\/24<\/p>\n<p>Municipalidad \u2013 Direc. De Comercio \u2013 PROYECTO DE FONDO S\/ Mod. Art.<br \/>\n228 de la Ord. De Fondo 462-22, \u201cPirotecnia Cero\u201d.<\/p>\n<p>Despacho de fecha 07\/11\/24<\/p>\n<p>La Sesi\u00f3n se transmitir\u00e1 en vivo por el Facebook del Concejo y es abierta a todo p\u00fablico.<\/p>\n<p>&nbsp;<\/p>\n<p>&nbsp;<\/p>\n","protected":false},"excerpt":{"rendered":"<p>En el d\u00eda de ma\u00f1ana viernes 22 de noviembre se realizar\u00e1 la Sesi\u00f3n Ordinaria N\u00b0 1027 de este Concejo Deliberante. La misma ser\u00e1 a partir de las 12.00 hs. en el quinto piso de la Municipalidad. El Orden del D\u00eda es el siguiente: INFORMES DE ASUNTOS INGRESADOS: COMUNICACIONES OFICIALES -Entrada: 132\/24 PRESIDENCIA CONCEJO DELIBERANTE- Concejal &hellip; <\/p>\n<p class=\"link-more\"><a href=\"https:\/\/www.cdcipolletti.gob.ar\/?p=3072\" class=\"more-link\">more<span class=\"screen-reader-text\"> &#8220;SESI\u00d3N ORDINARIA EL D\u00cdA VIERNES 22 DE NOVIEMBRE&#8221;<\/span><\/a><\/p>\n","protected":false},"author":3,"featured_media":3073,"comment_status":"closed","ping_status":"closed","sticky":false,"template":"","format":"standard","meta":[],"categories":[35],"tags":[],"_links":{"self":[{"href":"https:\/\/www.cdcipolletti.gob.ar\/index.php?rest_route=\/wp\/v2\/posts\/3072"}],"collection":[{"href":"https:\/\/www.cdcipolletti.gob.ar\/index.php?rest_route=\/wp\/v2\/posts"}],"about":[{"href":"https:\/\/www.cdcipolletti.gob.ar\/index.php?rest_route=\/wp\/v2\/types\/post"}],"author":[{"embeddable":true,"href":"https:\/\/www.cdcipolletti.gob.ar\/index.php?rest_route=\/wp\/v2\/users\/3"}],"replies":[{"embeddable":true,"href":"https:\/\/www.cdcipolletti.gob.ar\/index.php?rest_route=%2Fwp%2Fv2%2Fcomments&post=3072"}],"version-history":[{"count":1,"href":"https:\/\/www.cdcipolletti.gob.ar\/index.php?rest_route=\/wp\/v2\/posts\/3072\/revisions"}],"predecessor-version":[{"id":3074,"href":"https:\/\/www.cdcipolletti.gob.ar\/index.php?rest_route=\/wp\/v2\/posts\/3072\/revisions\/3074"}],"wp:featuredmedia":[{"embeddable":true,"href":"https:\/\/www.cdcipolletti.gob.ar\/index.php?rest_route=\/wp\/v2\/media\/3073"}],"wp:attachment":[{"href":"https:\/\/www.cdcipolletti.gob.ar\/index.php?rest_route=%2Fwp%2Fv2%2Fmedia&parent=3072"}],"wp:term":[{"taxonomy":"category","embeddable":true,"href":"https:\/\/www.cdcipolletti.gob.ar\/index.php?rest_route=%2Fwp%2Fv2%2Fcategories&post=3072"},{"taxonomy":"post_tag","embeddable":true,"href":"https:\/\/www.cdcipolletti.gob.ar\/index.php?rest_route=%2Fwp%2Fv2%2Ftags&post=3072"}],"curies":[{"name":"wp","href":"https:\/\/api.w.org\/{rel}","templated":true}]}}