{"id":3068,"date":"2024-11-06T13:50:21","date_gmt":"2024-11-06T16:50:21","guid":{"rendered":"https:\/\/www.cdcipolletti.gob.ar\/?p=3068"},"modified":"2024-11-06T13:50:21","modified_gmt":"2024-11-06T16:50:21","slug":"sesion-ordinaria-n-1026","status":"publish","type":"post","link":"https:\/\/www.cdcipolletti.gob.ar\/?p=3068","title":{"rendered":"SESI\u00d3N ORDINARIA N\u00b0 1026"},"content":{"rendered":"<p>Hoy mi\u00e9rcoles 06 de noviembre se realiz\u00f3 una nueva SESI\u00d3N ORDINARIA. La n\u00b0 1026. La Sesi\u00f3n se llev\u00f3 adelante\u00a0 en presencia de estudiantes del CET n\u00b0 30.<\/p>\n<p>Sobre tablas se aprob\u00f3 de manera un\u00e1nime:<\/p>\n<p>-Proyecto de Declaraci\u00f3n de Inter\u00e9s del paso del Tren Solidario por Cipolletti. Para lo cual expuso el Secretario de Gobierno.<\/p>\n<p>-La Ordenanza de Fondo, adherir a la Ley Provincial n\u00b0 4878 instituir en Cipolletti la semana de los Derechos del Ni\u00f1o, Ni\u00f1a y Adolescentes. Para tal tom\u00f3 la palabra la Profesora Paola del CET n\u00b0 30.<\/p>\n<p>-Proyecto de Declaraci\u00f3n de Inter\u00e9s Municipal s\/ la XII Jornada Federal de asesoramiento Notarial Comunitario, a realizarse el d\u00eda 9\/11\/24. Por esto se expres\u00f3 Susana Meri\u00f1o.<\/p>\n<p>-Proyecto de Declaraci\u00f3n de Inter\u00e9s Municipal s\/ 8va Jornada de CSMA (Calidad, Seguridad y Ambiente), a realizarse el 8\/11\/24. Por esto organizadores expusieron.<\/p>\n<p>&#8211; Proyecto de Comunicaci\u00f3n s\/ la complacencia del tratamiento en la Legislatura Provincial en la Legislatura Provincial sobre registro de huellas gen\u00e9tica.<\/p>\n<p>-Proyecto de Declaraci\u00f3n de Inter\u00e9s s\/ las Jornadas de Enfermer\u00eda, a realizarse los d\u00edas 27.11.2024 y 28.11.2024. Para tal expuso personal de Enfermer\u00eda.<\/p>\n<p>-Proyecto de Declaraci\u00f3n de Inter\u00e9s Municipal s\/ \u201cSimposio: Luz , c\u00e1mara, acci\u00f3n II: DEL DERECHO AL TERRITORIO, organizada por la red de desarrollo urbano sustentable en Latinoam\u00e9rica y Caribe, con la colaboraci\u00f3n de la UFLO de Cipolletti. Por lo mismo expuso un Profesor de la Universidad de Flores.<\/p>\n<p>&#8211; Proyecto de Declaraci\u00f3n de Inter\u00e9s s\/ programa \u201cHuellas Sure\u00f1as\u201d formato radial y teatro, de la ciudad de Cipolletti. Miembros del programa estuvieron presentes.<\/p>\n<p>-Proyecto de Declaraci\u00f3n s\/ la edici\u00f3n n\u00b0 12 del festival \u201cSemana de la Tradici\u00f3n, Cipolletti vive Folklore\u201d. Por esto, hubo invitados y m\u00fasica en vivo.<\/p>\n<p>-Proyecto de Ordenanza de Tr\u00e1mite s\/ ratificar lo actuado por el PEM Resoluci\u00f3n Municipal n\u00b0 1419\/24 con modificaci\u00f3n.<\/p>\n<p>-Con despachos de comisiones permanentes se aprob\u00f3 de manera un\u00e1nime:<\/p>\n<p>-Proyecto de Ordenanza de Fondo s\/ designar con el nombre de Abuelo Saturnino Alvarez y Abuela Francisca Calvo de Alvarez a plazoleta. Para esto un familiar expuso.<\/p>\n<p>-Proyecto de Ordenanza de Fondo s\/ crear en \u00e1mbito municipal el sistema de Padrinazgo de los Centros Infantiles Municipales.<\/p>\n<p>-Proyecto de Ordenanza de Fondo s\/ adhesi\u00f3n a la Ley Pcial. N\u00b0 5144. Se\u00f1alizaci\u00f3n de V\u00edas de Evacuaci\u00f3n.<\/p>\n<p>-Proyecto de Ordenanza de Fondo s\/ crear programa de concientizaci\u00f3n en la prevenci\u00f3n de distintos tipos de estafas.<\/p>\n<p>-Proyecto de Ordenanza de Fondo s\/ adherir a la Ley Provincial n\u00b0 5595, Prevenci\u00f3n del Suicidio.<\/p>\n<p>-Proyecto de Comunicaci\u00f3n s\/ comunicar a la Legislatura que el cuerpo Legislativo Municipal ve con agrado el tratamiento del proyecto de ley n\u00b0 1283\/24.<\/p>\n<p>-Proyecto de Ordenanza de Fondo s\/ adherir a la ley provincial n\u00b0 5737, disoluci\u00f3n y liquidaci\u00f3n de entes provinciales.<\/p>\n<p>-Proyecto de Ordenanza de Fondo s\/ derogar Ordenanza de Fondo n\u00b0 279\/16 y crear el CONSEJO LOCAL DE LOS DERECHOS DE NI\u00d1AS, NI\u00d1OS Y ADOLESCENTES.<\/p>\n","protected":false},"excerpt":{"rendered":"<p>Hoy mi\u00e9rcoles 06 de noviembre se realiz\u00f3 una nueva SESI\u00d3N ORDINARIA. La n\u00b0 1026. La Sesi\u00f3n se llev\u00f3 adelante\u00a0 en presencia de estudiantes del CET n\u00b0 30. Sobre tablas se aprob\u00f3 de manera un\u00e1nime: -Proyecto de Declaraci\u00f3n de Inter\u00e9s del paso del Tren Solidario por Cipolletti. Para lo cual expuso el Secretario de Gobierno. -La &hellip; <\/p>\n<p class=\"link-more\"><a href=\"https:\/\/www.cdcipolletti.gob.ar\/?p=3068\" class=\"more-link\">more<span class=\"screen-reader-text\"> &#8220;SESI\u00d3N ORDINARIA N\u00b0 1026&#8221;<\/span><\/a><\/p>\n","protected":false},"author":3,"featured_media":3069,"comment_status":"closed","ping_status":"closed","sticky":false,"template":"","format":"standard","meta":[],"categories":[35],"tags":[],"_links":{"self":[{"href":"https:\/\/www.cdcipolletti.gob.ar\/index.php?rest_route=\/wp\/v2\/posts\/3068"}],"collection":[{"href":"https:\/\/www.cdcipolletti.gob.ar\/index.php?rest_route=\/wp\/v2\/posts"}],"about":[{"href":"https:\/\/www.cdcipolletti.gob.ar\/index.php?rest_route=\/wp\/v2\/types\/post"}],"author":[{"embeddable":true,"href":"https:\/\/www.cdcipolletti.gob.ar\/index.php?rest_route=\/wp\/v2\/users\/3"}],"replies":[{"embeddable":true,"href":"https:\/\/www.cdcipolletti.gob.ar\/index.php?rest_route=%2Fwp%2Fv2%2Fcomments&post=3068"}],"version-history":[{"count":1,"href":"https:\/\/www.cdcipolletti.gob.ar\/index.php?rest_route=\/wp\/v2\/posts\/3068\/revisions"}],"predecessor-version":[{"id":3071,"href":"https:\/\/www.cdcipolletti.gob.ar\/index.php?rest_route=\/wp\/v2\/posts\/3068\/revisions\/3071"}],"wp:featuredmedia":[{"embeddable":true,"href":"https:\/\/www.cdcipolletti.gob.ar\/index.php?rest_route=\/wp\/v2\/media\/3069"}],"wp:attachment":[{"href":"https:\/\/www.cdcipolletti.gob.ar\/index.php?rest_route=%2Fwp%2Fv2%2Fmedia&parent=3068"}],"wp:term":[{"taxonomy":"category","embeddable":true,"href":"https:\/\/www.cdcipolletti.gob.ar\/index.php?rest_route=%2Fwp%2Fv2%2Fcategories&post=3068"},{"taxonomy":"post_tag","embeddable":true,"href":"https:\/\/www.cdcipolletti.gob.ar\/index.php?rest_route=%2Fwp%2Fv2%2Ftags&post=3068"}],"curies":[{"name":"wp","href":"https:\/\/api.w.org\/{rel}","templated":true}]}}