{"id":3065,"date":"2024-11-05T10:08:10","date_gmt":"2024-11-05T13:08:10","guid":{"rendered":"https:\/\/www.cdcipolletti.gob.ar\/?p=3065"},"modified":"2024-11-05T10:08:10","modified_gmt":"2024-11-05T13:08:10","slug":"nueva-sesion-ordinaria-del-dia-miercoles-06-de-noviembre","status":"publish","type":"post","link":"https:\/\/www.cdcipolletti.gob.ar\/?p=3065","title":{"rendered":"NUEVA SESI\u00d3N ORDINARIA DEL D\u00cdA MI\u00c9RCOLES 06 DE NOVIEMBRE"},"content":{"rendered":"<p>En el d\u00eda de ma\u00f1ana, mi\u00e9rcoles 06 de noviembre, se realizar\u00e1 desde las 08.30 hs. una nueva Sesi\u00f3n Ordinaria en el quinto piso de la Municipalidad. La Sesi\u00f3n Ordinaria ser\u00e1 la n\u00b0 1026, se transmitir\u00e1 en vivo por el Facebook del Concejo Deliberante y es abierta todo p\u00fablico.<\/p>\n<p>A continuaci\u00f3n, el Orden del D\u00eda con todos los expedientes a tratar.<\/p>\n<p>&#8211; EXPEDIENTES SOBRE TABLAS:<\/p>\n<p>-Entrada 124\/24 -Expediente 107-S-24<\/p>\n<p>-SEVEN GESTI\u00d3N &#8211; PROYECTO DE DECLARACI\u00d3N DE<br \/>\nINTER\u00c9S MUNICIPAL S\/ 8va Jornada de CSMA (Calidad, Seguridad<br \/>\ny Ambiente), a realizarse el 8\/11\/24.-<\/p>\n<p>-Entrada 120\/24 -Expediente 106-C-24<\/p>\n<p>-COLEGIO NOTARIAL DE LA PCIA. DE RIO NEGRO \u2013<br \/>\nPROYECTO DE DECLARACI\u00d3N DE INTER\u00c9S MUNICIPAL S\/<br \/>\nla XII Jornada Federal de asesoramiento Notarial Comunitario, a<br \/>\nrealizarse el d\u00eda 9\/11\/24.-<\/p>\n<p>-Entrada 113\/24 -Expediente 097-B-24<\/p>\n<p>-Cjal. Dietrich Adriana, Bloque J.S.R.N. \u2013 PROYECTO DE<br \/>\nCOMUNICACI\u00d3N S\/ la complacencia del tratamiento en la Legislatura<br \/>\nProvincial sobre registro de huella gen\u00e9tica.-<\/p>\n<p>-Entrada 115\/24 -Expediente 098-B-24<\/p>\n<p>-Cjal. Alvarez Karina, Bloque J.S.R.N. \u2013 PROYECTO DE<br \/>\nDECLARACI\u00d3N DE INTER\u00c9S S\/ las jornadas de Enfermer\u00eda, a<br \/>\nrealizarse los d\u00edas 27\/11\/24 y 28\/11\/24.<\/p>\n<p>-Entrada 118\/24 -Expediente 099-B-24<\/p>\n<p>-Cjal. Napoli Ana Mar\u00eda, Bloque CAMBIA CIPOLLETTI \u2013<br \/>\nPROYECTO DE DECLARACI\u00d3N DE INTER\u00c9S MUNICIPAL S\/<br \/>\n\u201cSimposio: Luz, c\u00e1mara, acci\u00f3n II: DEL DERECHO AL TERRITORIO,<br \/>\norganizada por la red de desarrollo urbano sustentable en Latinoamerica y<br \/>\nCaribe, con la colaboraci\u00f3n de la UFLO de Cipolletti.-<\/p>\n<p>-Entrada 122\/24 -Expediente 102-B-24<\/p>\n<p>-Cjal. Posse Mart\u00edn, Bloque J.S.R.N. \u2013 PROYECTO DE<br \/>\nDECLARACI\u00d3N DE INTER\u00c9S S\/ programa \u201cHuellas Sure\u00f1as\u201d<br \/>\nformato radial y teatro, de la ciudad de Cipolletti.-.<\/p>\n<p>-Entrada 123\/24 -Expediente 103-B-24<\/p>\n<p>-Cjal. Posse Mart\u00edn, Bloque J.S.R.N. \u2013 PROYECTO DE<br \/>\nDECLARACI\u00d3N DE INTER\u00c9S S\/ la edici\u00f3n N\u00b012 del festival<br \/>\n\u201cSemana de la Tradici\u00f3n, Cipolletti vive Folklore\u201d.-<\/p>\n<p>-Entrada 114\/24 -Expediente 072-M-24<\/p>\n<p>-Municipalidad \/ Sec. Obras P\u00fablicas \u2013 PROYECTO DE<br \/>\nORDENANZA DE TR\u00c1MITE S\/ ratificar lo actuado por el PEM \u2013<br \/>\nResoluci\u00f3n Municipal N.\u00ba 1419\/24 con modificaci\u00f3n. (Reg. Oposici\u00f3n<br \/>\nrecambio led).-<\/p>\n<p>-INFORMES DE ASUNTOS INGRESADOS: COMUNICACIONES OFICIALES<\/p>\n<p>-Entrada 112\/24 -Expediente 101-M-24<\/p>\n<p>-Municipalidad \/ Biblioteca popular Ra\u00fal Entraigas \u2013 PROYECTO<br \/>\nDE ORDENANZA DE TR\u00c1MITE S\/ donaci\u00f3n de parcela a la<br \/>\nBiblioteca popular Ra\u00fal Entraigas.-<\/p>\n<p>-Se resolvi\u00f3: Gobierno<\/p>\n<p>-Entrada 117\/24 -Expediente 104-M-24<\/p>\n<p>-Municipalidad \/ Direcci\u00f3n de Cooperativas \u2013 PROYECTO DE<br \/>\nORDENANZA DE TR\u00c1MITE S\/ donaci\u00f3n de parcela a favor de la Sra.<br \/>\nTEJEDA DEL RIO Mar\u00eda Del Carmen, en el marco del programa de<br \/>\nregularizaci\u00f3n dominial \u201cMi Escritura, Un Derecho\u201d.-<\/p>\n<p>-Se resolvi\u00f3: Gobierno<\/p>\n<p>-Entrada 121\/24 -Expediente 105-M-24<\/p>\n<p>-Municipalidad \/ Direcci\u00f3n de Comercio \u2013 PROYECTO DE<br \/>\nORDENANZA DE FONDO S\/ Mod. Del Cod. De Hab. Comerciales,<br \/>\n(Ord. 462\/22), a fin de prohibir la comercializaci\u00f3n, uso y tenencia de<br \/>\npirotecnias en todo el ejido municipal.-<\/p>\n<p>-Se resolvi\u00f3: Gobierno<\/p>\n<p>-Entrada 125\/24 -Expediente 051-M-24<\/p>\n<p>-Municipalidad \/ Dir. Gral. Administrativa, Legal y T\u00e9cnica \u2013<br \/>\nPROYECTO DE ORDENANZA DE TR\u00c1MITE S\/ Desafectaci\u00f3n de<br \/>\nespacio verde y reserva fiscal sobre parcela 03-1-J-032-09A.-<\/p>\n<p>-Se resolvi\u00f3: Gobierno<\/p>\n<p>-DESPACHOS DE COMISIONES PERMANENTES<\/p>\n<p>-COMISI\u00d3N PERMANENTE: GOBIERNO<\/p>\n<p>-EXPEDIENTE 088\/24<\/p>\n<p>-Cjal. Dietrich Adriana, Bloque J.S.R.N. y Cjal. Langowski Oscar, Bloque<br \/>\nCambia Cipolletti \u2013 PROYECTO ORDENANZA DE FONDO S\/ crear en<br \/>\n\u00e1mbito municipal el sistema de Padrinazgo de los centros infantiles municipales.<\/p>\n<p>-Despacho de fecha 24\/10\/24<\/p>\n<p>-EXPEDIENTE 078\/24<\/p>\n<p>-Cjal. Langowski Oscar, Bloque Cambia Cipolletti \u2013 PROYECTO DE<br \/>\nORDENANZA DE FONDO S\/ Adhesi\u00f3n a Ley Pcial. N.\u00ba 5144 &#8211; Se\u00f1alizaci\u00f3n de<br \/>\nV\u00edas de Evacuaci\u00f3n.-<\/p>\n<p>-Despacho de fecha 24\/10\/24<\/p>\n<p>-EXPEDIENTE 083\/24<\/p>\n<p>-Sr. Ferragut Juan \u2013 PROYECTO DE ORDENANZA DE FONDO S\/<br \/>\ndesignar con el nombre de \u201cAbuelo Saturnino Alvarez\u201d a la plazoleta en el Barrio<br \/>\nLas Vi\u00f1as.-<\/p>\n<p>-Despacho de fecha 24\/10\/24<\/p>\n<p>-EXPEDIENTE 035\/24<\/p>\n<p>-Cjal. Manonelles Mar\u00eda Jos\u00e9, Bloque Cambia Cipolletti. \u2013 PROYECTO DE<br \/>\nORDENANZA DE FONDO S\/ Crea Programa de concientizaci\u00f3n en la<br \/>\nprevenci\u00f3n de distintos tipos de estafas.-<\/p>\n<p>-Despacho de fecha 24\/10\/2024<\/p>\n<p>-EXPEDIENTE 089\/24<\/p>\n<p>Cjal. Napoli Ana Maria, Bloque Cambia Cipolletti &#8211; PROYECTO DE<br \/>\nORDENANZA DE FONDO S\/ adherir a la Ley Provincial N.\u00ba 5595, Prevenci\u00f3n<br \/>\ndel Suicidio\u201d.-<\/p>\n<p>-Despacho de fecha 24\/10\/24<\/p>\n<p>-EXPEDIENTE 092\/24<\/p>\n<p>-Cjal. Posse Mart\u00edn, Bloque J.S.R.N.. \u2013 PROYECTO DE COMUNICACI\u00d3N<br \/>\nS\/ comunicar a la Legislatura que el cuerpo Legislativo Municipal ve con agrado el<br \/>\ntratamiento del proyecto de ley N\u00b01283\/24.-<\/p>\n<p>-Despacho de fecha 24\/10\/24<\/p>\n<p>-EXPEDIENTE 096\/24<\/p>\n<p>-Cjal. Alvarez Karina, Bloque J.S.R.N.. \u2013 PROYECTO DE ORDENANZA DE<br \/>\nFONDO S\/ Adherir a la Ley Pcial N\u00b05737, disoluci\u00f3n y liquidaci\u00f3n de entes<br \/>\nprovinciales.-<\/p>\n<p>-Despacho de fecha 24\/10\/24<\/p>\n<p>-COMISI\u00d3N PERMANENTE: DESARROLLO HUMANO Y FAMILIA<\/p>\n<p>-EXPEDIENTE N\u00b0 044\/24<\/p>\n<p>-PROYECTO DE ORDENANZA DE FONDO S\/ Derogar Ordenanza de Fondo<br \/>\nN.\u00ba 279\/16 y Crear el \u201cCONSEJO LOCAL DE LOS DERECHOS DE NI\u00d1AS,<br \/>\nNI\u00d1OS Y ADOLESCENTES\u201d.-<\/p>\n<p>-Despacho fecha 30\/10\/24-<\/p>\n<p>&nbsp;<\/p>\n<p>&nbsp;<\/p>\n<p>&nbsp;<\/p>\n<p>&nbsp;<\/p>\n<p>&nbsp;<\/p>\n","protected":false},"excerpt":{"rendered":"<p>En el d\u00eda de ma\u00f1ana, mi\u00e9rcoles 06 de noviembre, se realizar\u00e1 desde las 08.30 hs. una nueva Sesi\u00f3n Ordinaria en el quinto piso de la Municipalidad. La Sesi\u00f3n Ordinaria ser\u00e1 la n\u00b0 1026, se transmitir\u00e1 en vivo por el Facebook del Concejo Deliberante y es abierta todo p\u00fablico. A continuaci\u00f3n, el Orden del D\u00eda con &hellip; <\/p>\n<p class=\"link-more\"><a href=\"https:\/\/www.cdcipolletti.gob.ar\/?p=3065\" class=\"more-link\">more<span class=\"screen-reader-text\"> &#8220;NUEVA SESI\u00d3N ORDINARIA DEL D\u00cdA MI\u00c9RCOLES 06 DE NOVIEMBRE&#8221;<\/span><\/a><\/p>\n","protected":false},"author":3,"featured_media":3066,"comment_status":"closed","ping_status":"closed","sticky":false,"template":"","format":"standard","meta":[],"categories":[1],"tags":[],"_links":{"self":[{"href":"https:\/\/www.cdcipolletti.gob.ar\/index.php?rest_route=\/wp\/v2\/posts\/3065"}],"collection":[{"href":"https:\/\/www.cdcipolletti.gob.ar\/index.php?rest_route=\/wp\/v2\/posts"}],"about":[{"href":"https:\/\/www.cdcipolletti.gob.ar\/index.php?rest_route=\/wp\/v2\/types\/post"}],"author":[{"embeddable":true,"href":"https:\/\/www.cdcipolletti.gob.ar\/index.php?rest_route=\/wp\/v2\/users\/3"}],"replies":[{"embeddable":true,"href":"https:\/\/www.cdcipolletti.gob.ar\/index.php?rest_route=%2Fwp%2Fv2%2Fcomments&post=3065"}],"version-history":[{"count":1,"href":"https:\/\/www.cdcipolletti.gob.ar\/index.php?rest_route=\/wp\/v2\/posts\/3065\/revisions"}],"predecessor-version":[{"id":3067,"href":"https:\/\/www.cdcipolletti.gob.ar\/index.php?rest_route=\/wp\/v2\/posts\/3065\/revisions\/3067"}],"wp:featuredmedia":[{"embeddable":true,"href":"https:\/\/www.cdcipolletti.gob.ar\/index.php?rest_route=\/wp\/v2\/media\/3066"}],"wp:attachment":[{"href":"https:\/\/www.cdcipolletti.gob.ar\/index.php?rest_route=%2Fwp%2Fv2%2Fmedia&parent=3065"}],"wp:term":[{"taxonomy":"category","embeddable":true,"href":"https:\/\/www.cdcipolletti.gob.ar\/index.php?rest_route=%2Fwp%2Fv2%2Fcategories&post=3065"},{"taxonomy":"post_tag","embeddable":true,"href":"https:\/\/www.cdcipolletti.gob.ar\/index.php?rest_route=%2Fwp%2Fv2%2Ftags&post=3065"}],"curies":[{"name":"wp","href":"https:\/\/api.w.org\/{rel}","templated":true}]}}