{"id":3044,"date":"2024-10-10T12:43:41","date_gmt":"2024-10-10T15:43:41","guid":{"rendered":"https:\/\/www.cdcipolletti.gob.ar\/?p=3044"},"modified":"2024-10-23T11:23:28","modified_gmt":"2024-10-23T14:23:28","slug":"mes-rosa-somos-cipo-somos-rosa","status":"publish","type":"post","link":"https:\/\/www.cdcipolletti.gob.ar\/?p=3044","title":{"rendered":"MES ROSA. SOMOS CIPO, SOMOS ROSA"},"content":{"rendered":"<p>Octubre mes de la prevenci\u00f3n y sensibilizaci\u00f3n del c\u00e1ncer de mama<\/p>\n<p>El Concejo Deliberante sancion\u00f3 el 20 de octubre del 2020 la ORDENANZA DE FONDO N\u00b0 408\/2020 por lo que el mes de octubre de cada a\u00f1o es el mes de la Prevenci\u00f3n y Sensibilizaci\u00f3n de C\u00e1ncer de Mama en Cipolletti teniendo como objetivo concientizar sobre los controles para la detecci\u00f3n temprana de la enfermedad y promover el autoexamen en la poblaci\u00f3n.<\/p>\n<p>Es por esto que el Concejo Deliberante, la Municipalidad de Cipolletti, Lalcec, Instituciones P\u00fablicas y Privadas realizar\u00e1n diferentes actividades gratuitas invitando a toda la comunidad a participar.<\/p>\n<p>A continuaci\u00f3n, la grilla de las actividades durante el mes de octubre:<\/p>\n<p>&#8211; mi\u00e9rcoles 16,<\/p>\n<p>-de 09 a 14 hs. en el hall del Hospital Dr. Pedro Moguillansky se dar\u00e1n turnos para MAMOGRAF\u00cdAS (para personas mayores de 40 a\u00f1os,que hace un a\u00f1o no se hayan hecho mamograf\u00edas y sin obra social), CHARLAS DE PREVENCI\u00d3N y ACTIVIDADES RECREATIVAS.<\/p>\n<p>-viernes 18,<\/p>\n<p>-de 09 a 13 hs. en los consultorios ONIX SALUD (Sanatorio R\u00edo Negro) se realizar\u00e1 el evento ABANICANDO ESPERANZAS, que incluye CLASES DE ZUMBA, YOGA, LUNCH SALUDABLE, PINTURA, REGALOS Y M\u00c1S.<\/p>\n<p>&#8211; s\u00e1bado 19, (D\u00cdA INTERNACIONAL DEL C\u00c1NCER DE MAMA)<\/p>\n<p>-de 10 hs. a 11.30 hs. en la Biblioteca Popular Rivadavia se realizar\u00e1 una CLASE DE YOGA con inscripci\u00f3n previa al 2995327107 o al 2996288921.<\/p>\n<p>-12 hs. en la Isla Jord\u00e1n se realizar\u00e1 la REMADA ROSA con el grupo R\u00cdO ROSA (Escuela Municipal Canotaje).<\/p>\n<p>-lunes 21,<\/p>\n<p>-de 09 hs. a 14 hs. en la plaza San Mart\u00edn se dar\u00e1n turnos para MAMOGRAF\u00cdAS,y habr\u00e1 VACUNACI\u00d3N HPV y sarampi\u00f3n, del Hospital Dr. Pedro Moguillansky.<\/p>\n<p>&#8211; viernes 25,<\/p>\n<p>-de 18 hs. a 20 hs. en el C.C.C. (Sala Piazzolla) se realizar\u00e1 una CLASE ABIERTA DE QI GONG, CHARLAS Y PING PONG DE PREGUNTAS a cargo de la Dra. Paula Gil y la Dra. Josefina Rodr\u00edguez del Policl\u00ednico Modelo. Adem\u00e1s se entregar\u00e1n turnos para mamograf\u00edas.<\/p>\n<p>-ENTREGA DE REMERAS DE LA &#8220;CAMINATA ROSA&#8221;. Las mismas tendr\u00e1n un valor de $5.000, $10.000 y $12.000 a beneficio del LALCEC (es un bono contribuci\u00f3n a elecci\u00f3n de las personas que quieran la remera). La caminata se realizar\u00e1 el domingo 27 de octubre desde el Parque Rosauer con actividades desde las 16 hs.<\/p>\n<p>-Acompa\u00f1ar\u00e1n las chicas de recuperando sonrisas con corte de pelo para pelucas. El cabello tiene que estar limpio, sin productos capilares, de largo de mas de 15 cm. puede estar decolorado en buen estado, para cortar a menores de edad deben estar acompa\u00f1ados por un mayor.<\/p>\n<p>-s\u00e1bado 26,<\/p>\n<p>&#8211; Desde las 16 hs. hay actividades en el CCC.<\/p>\n<p>-Estar\u00e1 la FERIA LE CHIC.<\/p>\n<p>-El Sanatorio R\u00edo Negro\u00a0 con una actividad para viralizar mensajes de prevenci\u00f3n.<\/p>\n<p>Lalcec con tatuajes temporales de concientizaci\u00f3n. Adem\u00e1s, estar\u00e1n vendiendo sus remeras a $20.000 con dise\u00f1os que fueron seleccionados por un concurso que se realiz\u00f3 con estudiantes de la UFLO.<\/p>\n<p>-Blancoamor acompa\u00f1ar\u00e1 con un espacio de esparcimiento.<\/p>\n<p>-Tambi\u00e9n habr\u00e1n OBRAS DE ARTE<\/p>\n<p>-exposici\u00f3n fotogr\u00e1fica MUJERES PODEROSAS por Manuela Garc\u00eda. La exposici\u00f3n fotogr\u00e1fica es la historia de mujeres valientes y optimistas que fueron diagnosticadas con c\u00e1ncer de mama.<\/p>\n<p>-instalaci\u00f3n de sitio espec\u00edfico realizada con mamograf\u00edas por Silvia P\u00e9rez Marra. Est\u00e1 realizada con mamograf\u00edas.El objetivo de la obra es tomar conciencia de realizarse mamoraf\u00edas.<\/p>\n<p>-obra de arte &#8220;Arte para tocar. Tocar para prevenir&#8221; de la artista Petu de Mareca, presentada por IDAC. La obra tiene el lema &#8220;La detecci\u00f3n temprana puede salvar tu vida&#8221;.<\/p>\n<p>-CHARLAS DE LEBEN SALUD y entrega de carnets de para mamograf\u00edas gratis.<br \/>\n16.30 hs. \u00bfC\u00f3mo Encontrar la Armon\u00eda en la Enfermedad? por Elida Musto.<br \/>\n17.15 hs. Est\u00e9tica al servicio de la Salud a cargo de profesional de VIZKIN.<br \/>\n18.00 hs. Derribando Mitos y Promoviendo la Prevenci\u00f3n a cargo de las Dras. Fiorella Lancioni, Alejandra Ordinola, Victoria Larrondo y Eugenia Paredes.<\/p>\n<p>-19 hs.\u00a0 DESFILE THE CLOSET by Sofia Guer junto a LALCEC con la participaci\u00f3n de mujeres recuperadas y el Instituto de modelos VISSO. DJ en vivo y muchas sorpresas m\u00e1s.<\/p>\n<p>-domingo 27,<\/p>\n<p>-16 hs. en el Parque Rosauer CONCENTRACI\u00d3N &#8220;CAMINATA ROSA&#8221;,Tambi\u00e9n se podr\u00e1n comprar las remeras de la caminata, las mismas tendr\u00e1n un valor de $5.000, $10.000 y $12.000 a beneficio del LALCEC (es un bono contribuci\u00f3n a elecci\u00f3n de las personas que quieran la remera).<\/p>\n<p>-CLASES DE YOGA, ZUMBA, TIRO AL ARCO Y MUCHAS SORPRESAS M\u00c1S.<\/p>\n<p>-Acompa\u00f1ar\u00e1n las chicas de recuperando sonrisas con corte de pelo para pelucas. El cabello tiene que estar limpio, sin productos capilares, de largo de mas de 15 cm. puede estar decolorado en buen estado, para cortar a menores de edad deben estar acompa\u00f1ados por un mayor. Adem\u00e1s, estar\u00e1n pintando un mech\u00f3n rosa y muchas cosas m\u00e1s.<\/p>\n<p>-Campa\u00f1a de vacunaci\u00f3n a cargo del Hospital Dr. Pedro Moguillansky. Vacunaci\u00f3n de HPV y vacunas para adultos y j\u00f3venes. (Se sugiere llevar el carnet de vacunaci\u00f3n.<\/p>\n<p>&#8211; 17.30 hs. &#8220;CAMINATA ROSA&#8221; hasta la plaza San Mart\u00edn.<\/p>\n<p>&#8211; a partir de las 16 hs. en la Plaza San Mart\u00edn FERIA ROSA DE ECONOM\u00cdA SOCIAL, PEATONAL, FOOD TRUCK, ESPECT\u00c1CULOS EN VIVO a cargo del CEMUD, VICIOS SHOW Y M\u00c1S.<\/p>\n<p>VEST\u00cd DE ROSA TU VIDRIERA<br \/>\nAdem\u00e1s, se invita a los Comercios y Entidades locales a vestir de color rosa (durante el mes de octubre)las vidrieras, salones, sacar una foto y subirla a sus redes sociales etiquetando al instagram de Concejo Deliberante y al de la Municipalidad de Cipolletti. De esta forma se suman a la Campa\u00f1a de Concientizaci\u00f3n y Lucha contra el C\u00e1ncer de Mama. A modo de agradecimiento entre los participantes se realizar\u00e1 un sorteo con diferentes premios (en la primera semana de noviembre).<\/p>\n","protected":false},"excerpt":{"rendered":"<p>Octubre mes de la prevenci\u00f3n y sensibilizaci\u00f3n del c\u00e1ncer de mama El Concejo Deliberante sancion\u00f3 el 20 de octubre del 2020 la ORDENANZA DE FONDO N\u00b0 408\/2020 por lo que el mes de octubre de cada a\u00f1o es el mes de la Prevenci\u00f3n y Sensibilizaci\u00f3n de C\u00e1ncer de Mama en Cipolletti teniendo como objetivo concientizar &hellip; <\/p>\n<p class=\"link-more\"><a href=\"https:\/\/www.cdcipolletti.gob.ar\/?p=3044\" class=\"more-link\">more<span class=\"screen-reader-text\"> &#8220;MES ROSA. SOMOS CIPO, SOMOS ROSA&#8221;<\/span><\/a><\/p>\n","protected":false},"author":3,"featured_media":3045,"comment_status":"closed","ping_status":"closed","sticky":false,"template":"","format":"standard","meta":[],"categories":[35],"tags":[],"_links":{"self":[{"href":"https:\/\/www.cdcipolletti.gob.ar\/index.php?rest_route=\/wp\/v2\/posts\/3044"}],"collection":[{"href":"https:\/\/www.cdcipolletti.gob.ar\/index.php?rest_route=\/wp\/v2\/posts"}],"about":[{"href":"https:\/\/www.cdcipolletti.gob.ar\/index.php?rest_route=\/wp\/v2\/types\/post"}],"author":[{"embeddable":true,"href":"https:\/\/www.cdcipolletti.gob.ar\/index.php?rest_route=\/wp\/v2\/users\/3"}],"replies":[{"embeddable":true,"href":"https:\/\/www.cdcipolletti.gob.ar\/index.php?rest_route=%2Fwp%2Fv2%2Fcomments&post=3044"}],"version-history":[{"count":11,"href":"https:\/\/www.cdcipolletti.gob.ar\/index.php?rest_route=\/wp\/v2\/posts\/3044\/revisions"}],"predecessor-version":[{"id":3061,"href":"https:\/\/www.cdcipolletti.gob.ar\/index.php?rest_route=\/wp\/v2\/posts\/3044\/revisions\/3061"}],"wp:featuredmedia":[{"embeddable":true,"href":"https:\/\/www.cdcipolletti.gob.ar\/index.php?rest_route=\/wp\/v2\/media\/3045"}],"wp:attachment":[{"href":"https:\/\/www.cdcipolletti.gob.ar\/index.php?rest_route=%2Fwp%2Fv2%2Fmedia&parent=3044"}],"wp:term":[{"taxonomy":"category","embeddable":true,"href":"https:\/\/www.cdcipolletti.gob.ar\/index.php?rest_route=%2Fwp%2Fv2%2Fcategories&post=3044"},{"taxonomy":"post_tag","embeddable":true,"href":"https:\/\/www.cdcipolletti.gob.ar\/index.php?rest_route=%2Fwp%2Fv2%2Ftags&post=3044"}],"curies":[{"name":"wp","href":"https:\/\/api.w.org\/{rel}","templated":true}]}}