{"id":3032,"date":"2024-09-12T11:02:11","date_gmt":"2024-09-12T14:02:11","guid":{"rendered":"https:\/\/www.cdcipolletti.gob.ar\/?p=3032"},"modified":"2024-09-12T11:02:11","modified_gmt":"2024-09-12T14:02:11","slug":"sesion-ordinaria-n-1024","status":"publish","type":"post","link":"https:\/\/www.cdcipolletti.gob.ar\/?p=3032","title":{"rendered":"SESI\u00d3N ORDINARIA N\u00b0 1024"},"content":{"rendered":"<p>En el d\u00eda de ayer 11 de septiembre se llev\u00f3 adelante una nueva Sesi\u00f3n Ordinaria. Pasada las 12 hs. con todos los Concejales presentes e invitados en el quinto piso de la Municipalidad se dio inicio a la Sesi\u00f3n N\u00b0 1024.<\/p>\n<p>Se aprob\u00f3 a favor de manera un\u00e1nime:<\/p>\n<p>Proyecto de Declaraci\u00f3n de Inter\u00e9s s\/ Congreso Nacional de Suicidiolog\u00eda 2024. Proyecto impulsado por el Concejal Mart\u00edn Posse.<\/p>\n<p>Proyecto de Ordenanza de Fondo s\/ homenaje a ciudadanos ilustres. Primeros Escribanos radicados en Cipolletti. Proyecto impulsado por la Presidenta del Concejo Karina Alvarez.<\/p>\n<p>Proyecto de Ordenanza de Fondo s\/ designar con el nombre \u201cLos Nogales\u201d a espacio verde ubicado en parcela N\u00b0 03-1-C-608.<\/p>\n<p>Proyecto de Ordenanza de Fondo s\/ adherir a la Ley Provincial n\u00b0 5422 \u201csistema provincial de Protecci\u00f3n Civil y Gesti\u00f3n Integral de Riesgo\u201d. Impulsados por la Presidenta del Concejo y el Concejal Mart\u00edn Posse.<\/p>\n<p>Proyecto de Declaraci\u00f3n de Inter\u00e9s s\/ la labor realizada por la fundaci\u00f3n Crucero General Belgrano.<\/p>\n<p>Proyecto de Declaraci\u00f3n de Inter\u00e9s s\/ al libro \u201cLA BALSA\u201d del autor Sr. Osvaldo Daniel Ramirez, sobreviviente del crucero A.R.A. Gral. Belgrano. Estos dos \u00faltimos Proyectos presentados por la Concejal Mar\u00eda Jos\u00e9 Manonelles.<\/p>\n<p>Proyecto de Declaraci\u00f3n de Inter\u00e9s s\/ al 50\u00b0 aniversario del CET n\u00b0 9. Presentado por el Concejal Mart\u00edn Posse.<\/p>\n<p>Proyecto de Declaraci\u00f3n de Inter\u00e9s s\/ el evento a realizarse por el CET n\u00b0 9. \u201cRECICLA\u201d. Proyecto de la Concejal Ana Mar\u00eda Napoli.<\/p>\n<p>&nbsp;<\/p>\n","protected":false},"excerpt":{"rendered":"<p>En el d\u00eda de ayer 11 de septiembre se llev\u00f3 adelante una nueva Sesi\u00f3n Ordinaria. Pasada las 12 hs. con todos los Concejales presentes e invitados en el quinto piso de la Municipalidad se dio inicio a la Sesi\u00f3n N\u00b0 1024. Se aprob\u00f3 a favor de manera un\u00e1nime: Proyecto de Declaraci\u00f3n de Inter\u00e9s s\/ Congreso &hellip; <\/p>\n<p class=\"link-more\"><a href=\"https:\/\/www.cdcipolletti.gob.ar\/?p=3032\" class=\"more-link\">more<span class=\"screen-reader-text\"> &#8220;SESI\u00d3N ORDINARIA N\u00b0 1024&#8221;<\/span><\/a><\/p>\n","protected":false},"author":3,"featured_media":3034,"comment_status":"closed","ping_status":"closed","sticky":false,"template":"","format":"standard","meta":[],"categories":[1],"tags":[],"_links":{"self":[{"href":"https:\/\/www.cdcipolletti.gob.ar\/index.php?rest_route=\/wp\/v2\/posts\/3032"}],"collection":[{"href":"https:\/\/www.cdcipolletti.gob.ar\/index.php?rest_route=\/wp\/v2\/posts"}],"about":[{"href":"https:\/\/www.cdcipolletti.gob.ar\/index.php?rest_route=\/wp\/v2\/types\/post"}],"author":[{"embeddable":true,"href":"https:\/\/www.cdcipolletti.gob.ar\/index.php?rest_route=\/wp\/v2\/users\/3"}],"replies":[{"embeddable":true,"href":"https:\/\/www.cdcipolletti.gob.ar\/index.php?rest_route=%2Fwp%2Fv2%2Fcomments&post=3032"}],"version-history":[{"count":1,"href":"https:\/\/www.cdcipolletti.gob.ar\/index.php?rest_route=\/wp\/v2\/posts\/3032\/revisions"}],"predecessor-version":[{"id":3035,"href":"https:\/\/www.cdcipolletti.gob.ar\/index.php?rest_route=\/wp\/v2\/posts\/3032\/revisions\/3035"}],"wp:featuredmedia":[{"embeddable":true,"href":"https:\/\/www.cdcipolletti.gob.ar\/index.php?rest_route=\/wp\/v2\/media\/3034"}],"wp:attachment":[{"href":"https:\/\/www.cdcipolletti.gob.ar\/index.php?rest_route=%2Fwp%2Fv2%2Fmedia&parent=3032"}],"wp:term":[{"taxonomy":"category","embeddable":true,"href":"https:\/\/www.cdcipolletti.gob.ar\/index.php?rest_route=%2Fwp%2Fv2%2Fcategories&post=3032"},{"taxonomy":"post_tag","embeddable":true,"href":"https:\/\/www.cdcipolletti.gob.ar\/index.php?rest_route=%2Fwp%2Fv2%2Ftags&post=3032"}],"curies":[{"name":"wp","href":"https:\/\/api.w.org\/{rel}","templated":true}]}}