{"id":3025,"date":"2024-09-10T12:19:12","date_gmt":"2024-09-10T15:19:12","guid":{"rendered":"https:\/\/www.cdcipolletti.gob.ar\/?p=3025"},"modified":"2024-09-10T14:31:15","modified_gmt":"2024-09-10T17:31:15","slug":"orden-del-dia-de-la-sesion-ordinaria-del-dia-miercoles-12-de-septiembre","status":"publish","type":"post","link":"https:\/\/www.cdcipolletti.gob.ar\/?p=3025","title":{"rendered":"ORDEN DEL D\u00cdA DE LA SESI\u00d3N ORDINARIA DEL D\u00cdA MI\u00c9RCOLES 11 DE SEPTIEMBRE"},"content":{"rendered":"<p>CONCEJO DELIBERANTE<br \/>\nDE LA CIUDAD DE CIPOLLETTI<\/p>\n<p>Cipolletti, 11 de septiembre 2024.-<\/p>\n<p>REUNI\u00d3N N\u00b0: 1080<br \/>\nSESI\u00d3N ORDINARIA N\u00ba: 1024<\/p>\n<p>REFERENCIAS<br \/>\n1\u00b0 PUNTO): EXPEDIENTES SOBRE TABLAS<br \/>\n2\u00ba PUNTO): INFORMES DE ASUNTOS ENTRADOS<br \/>\nA) COMUNICACIONES OFICIALES<br \/>\nB) COMUNICACIONES GENERALES<\/p>\n<p>3\u00b0 PUNTO): DESPACHOS DE COMISIONES PERMANENTES<br \/>\nPRESIDENCIA DEL CONCEJO: KARINA ELIZABETH ALVAREZ<br \/>\nSECRETARIO LEGISLATIVO: RODRIGO JULI\u00c1N IRIARTE<\/p>\n<p>SOBRE TABLAS<\/p>\n<p>-Entrada 095\/24<\/p>\n<p>Expediente 85\/24<\/p>\n<p>Bloque J.S.R.N. \u2013 Concejal Posse Martin \u2013 Proyecto de<br \/>\nDeclaraci\u00f3n de Inter\u00e9s S\/ \u201ccongreso Nacional de Suicidolog\u00eda<br \/>\n2024\u201d.<\/p>\n<p>ASUNTOS INGRESADOS<\/p>\n<p>-Entrada 94\/24<\/p>\n<p>Expte: 84\/24<\/p>\n<p>Proyecto de Ordenanza de Tramite S\/ modificaci\u00f3n de condici\u00f3n de uso<br \/>\np\u00fablico de parcela 03-1J-036-03A-03-1-J036-01B.<\/p>\n<p>Municipalidad<\/p>\n<p>Se resolvi\u00f3: Ingreso a Comisi\u00f3n de Gobierno.<\/p>\n<p>-Entrada 097\/24<\/p>\n<p>Expte: 87\/24<\/p>\n<p>Proyecto de Ordenanza de Fondo S\/ ampliaci\u00f3n del presupuesto 2024<br \/>\nPEM.<\/p>\n<p>Municipalidad<\/p>\n<p>Se resolvi\u00f3: Ingreso a Comisi\u00f3n de Hacienda.<\/p>\n<p>-Entrada: 096\/24<\/p>\n<p>Expte:86\/24<\/p>\n<p>Proyecto de Declaraci\u00f3n de Inter\u00e9s S\/ Asociaci\u00f3n Civil de Folkloristas Unidos.<\/p>\n<p>Bloque J.S.R.N.- Concejal ALVAREZ, Karina.<\/p>\n<p>Se resolvi\u00f3: Ingreso a Comisi\u00f3n de Desarrollo Humano y Familia.<\/p>\n<p>DESPACHOS DE COMISIONES PERMANENTES<\/p>\n<p>COMISI\u00d3N PERMANENTE: DESARROLLO HUMANO Y FAMILIA<\/p>\n<p>-ENTRADA 037\/24<\/p>\n<p>EXPEDIENTE 031-24<\/p>\n<p>Bloque Cambia Cipolletti \u2013 Concejal Manonelles Mar\u00eda Jose \u2013 Proyecto de<br \/>\nDeclaraci\u00f3n de Inter\u00e9s S\/ la labor realizada por la fundaci\u00f3n Crucero<br \/>\nGeneral Belgrano.<\/p>\n<p>-ENTRADA 036\/24<\/p>\n<p>EXPEDIENTE 030-24<\/p>\n<p>Bloque Cambia Cipolletti \u2013 Concejal Manonelles Mar\u00eda Jose \u2013 Proyecto de<br \/>\nDeclaraci\u00f3n de Inter\u00e9s S\/ al libro \u201cLA BALSA\u201d del autor Sr. Osvaldo Daniel<br \/>\nRamirez, sobreviviente del crucero A.R.A. Gral. Belgrano.-<\/p>\n<p>-ENTRADA 082\/24<\/p>\n<p>EXPEDIENTE 070-24<\/p>\n<p>Bloque J.S.R.N. \u2013 Concejal Posse Martin \u2013 Proyecto de Declaraci\u00f3n de<br \/>\nInter\u00e9s S\/ al 50\u00b0 aniversario del C.E.T. N\u00b0 9.-<\/p>\n<p>-ENTRADA 076\/24<\/p>\n<p>EXPEDIENTE 066-24<\/p>\n<p>Bloque Cambia Cipolletti \u2013 Concejal Napoli Ana Maria \u2013 Proyecto de<br \/>\nDeclaraci\u00f3n de Inter\u00e9s S\/ al evento a realizarse por el C.E.T. N\u00b0 9,<br \/>\n\u201cRECICLA\u201d.-<\/p>\n<p>-ENTRADA 082\/24<\/p>\n<p>EXPEDIENTE 065-24<\/p>\n<p>Bloque Cambia Cipolletti \u2013 Concejal Napoli Ana Mar\u00eda &#8211; Proyecto de<br \/>\nDeclaraci\u00f3n de Inter\u00e9s S\/ al dictado del Taller del C.E.T. N\u00b0 9, sobre<br \/>\nSeguridad El\u00e9ctrica en viviendas.-<\/p>\n<p>-ENTRADA 082\/24<\/p>\n<p>EXPEDIENTE 042-24<\/p>\n<p>Bloque Cambia Cipolletti \u2013 Concejal Napoli Ana Mar\u00eda &#8211; Proyecto de<br \/>\nDeclaraci\u00f3n de Inter\u00e9s S\/ la conmemoraci\u00f3n del d\u00eda internacional de los<br \/>\nni\u00f1os, ni\u00f1as y adolescentes v\u00edctimas inocentes de agresi\u00f3n.-<\/p>\n<p>COMISI\u00d3N PERMANENTE: GOBIERNO<\/p>\n<p>-ENTRADA 059\/24<\/p>\n<p>EXPEDIENTE 053\/24<\/p>\n<p>Bloque J.R.R.N- Concejal Alvarez Karina- Proyecto de Ordenanza de<\/p>\n<p>Fondo s\/ homenajear a ciudadanos ilustres- Primeros escribanos radicados en Cipolletti.<\/p>\n<p>-ENTRADA 043\/24<\/p>\n<p>EXPEDIENTE 038\/24<\/p>\n<p>Municipalidad \u2013 Perticarini Fabiana \u2013 Proyecto de Ordenanza de Fondo S\/<br \/>\ndesignar con el nombre \u201cLos Nogales\u201d a espacio verde ubicado en parcela N\u00b0 03-1-C-608-01<\/p>\n<p>&#8211; ENTRADA 087\/24<\/p>\n<p>EXPEDIENTE 077\/24<\/p>\n<p>Bloque J.S.R.N. Concejal Posse Mart\u00edn y Alvarez Karina- Proyecto de Ordenanza de Fondo s\/adherir<\/p>\n<p>a la Ley Pcial. n\u00b0 5422 &#8220;sistema provincial de Protecci\u00f3n Civil y Gesti\u00f3n Integral de Riesgo&#8221;.<\/p>\n<p>-ENTRADA 039\/24<\/p>\n<p>EXPEDIENTE 034\/24<\/p>\n<p>Bloque Cambia Cipolletti \u2013 Concejal Manonelles Mar\u00eda Jose \u2013 Proyecto de<br \/>\nOrdenanza de Fondo S\/ crear con car\u00e1cter de participaci\u00f3n obligatoria<br \/>\npara todo personal de la municipalidad, el programa de capacitaci\u00f3n de<br \/>\nt\u00e9cnicas de R.C.P.<\/p>\n<p>-ENTRADA 073\/24<\/p>\n<p>EXPEDIENTE 078\/24<\/p>\n<p>Bloque Cambia Cipolletti \u2013 Concejal Langowsky Oscar \u2013 Proyecto de<br \/>\nOrdenanza de Fondo S\/ se\u00f1alizaci\u00f3n de V\u00edas de Evacuaci\u00f3n.<\/p>\n<p>&nbsp;<\/p>\n<p>&nbsp;<\/p>\n<p>&nbsp;<\/p>\n<p>&nbsp;<\/p>\n","protected":false},"excerpt":{"rendered":"<p>CONCEJO DELIBERANTE DE LA CIUDAD DE CIPOLLETTI Cipolletti, 11 de septiembre 2024.- REUNI\u00d3N N\u00b0: 1080 SESI\u00d3N ORDINARIA N\u00ba: 1024 REFERENCIAS 1\u00b0 PUNTO): EXPEDIENTES SOBRE TABLAS 2\u00ba PUNTO): INFORMES DE ASUNTOS ENTRADOS A) COMUNICACIONES OFICIALES B) COMUNICACIONES GENERALES 3\u00b0 PUNTO): DESPACHOS DE COMISIONES PERMANENTES PRESIDENCIA DEL CONCEJO: KARINA ELIZABETH ALVAREZ SECRETARIO LEGISLATIVO: RODRIGO JULI\u00c1N IRIARTE SOBRE &hellip; <\/p>\n<p class=\"link-more\"><a href=\"https:\/\/www.cdcipolletti.gob.ar\/?p=3025\" class=\"more-link\">more<span class=\"screen-reader-text\"> &#8220;ORDEN DEL D\u00cdA DE LA SESI\u00d3N ORDINARIA DEL D\u00cdA MI\u00c9RCOLES 11 DE SEPTIEMBRE&#8221;<\/span><\/a><\/p>\n","protected":false},"author":3,"featured_media":3026,"comment_status":"closed","ping_status":"closed","sticky":false,"template":"","format":"standard","meta":[],"categories":[35],"tags":[],"_links":{"self":[{"href":"https:\/\/www.cdcipolletti.gob.ar\/index.php?rest_route=\/wp\/v2\/posts\/3025"}],"collection":[{"href":"https:\/\/www.cdcipolletti.gob.ar\/index.php?rest_route=\/wp\/v2\/posts"}],"about":[{"href":"https:\/\/www.cdcipolletti.gob.ar\/index.php?rest_route=\/wp\/v2\/types\/post"}],"author":[{"embeddable":true,"href":"https:\/\/www.cdcipolletti.gob.ar\/index.php?rest_route=\/wp\/v2\/users\/3"}],"replies":[{"embeddable":true,"href":"https:\/\/www.cdcipolletti.gob.ar\/index.php?rest_route=%2Fwp%2Fv2%2Fcomments&post=3025"}],"version-history":[{"count":4,"href":"https:\/\/www.cdcipolletti.gob.ar\/index.php?rest_route=\/wp\/v2\/posts\/3025\/revisions"}],"predecessor-version":[{"id":3030,"href":"https:\/\/www.cdcipolletti.gob.ar\/index.php?rest_route=\/wp\/v2\/posts\/3025\/revisions\/3030"}],"wp:featuredmedia":[{"embeddable":true,"href":"https:\/\/www.cdcipolletti.gob.ar\/index.php?rest_route=\/wp\/v2\/media\/3026"}],"wp:attachment":[{"href":"https:\/\/www.cdcipolletti.gob.ar\/index.php?rest_route=%2Fwp%2Fv2%2Fmedia&parent=3025"}],"wp:term":[{"taxonomy":"category","embeddable":true,"href":"https:\/\/www.cdcipolletti.gob.ar\/index.php?rest_route=%2Fwp%2Fv2%2Fcategories&post=3025"},{"taxonomy":"post_tag","embeddable":true,"href":"https:\/\/www.cdcipolletti.gob.ar\/index.php?rest_route=%2Fwp%2Fv2%2Ftags&post=3025"}],"curies":[{"name":"wp","href":"https:\/\/api.w.org\/{rel}","templated":true}]}}