{"id":3011,"date":"2024-08-20T17:50:32","date_gmt":"2024-08-20T20:50:32","guid":{"rendered":"https:\/\/www.cdcipolletti.gob.ar\/?p=3011"},"modified":"2024-08-20T18:08:26","modified_gmt":"2024-08-20T21:08:26","slug":"orden-del-dia-de-la-sesion-ordinaria-del-dia-miercoles","status":"publish","type":"post","link":"https:\/\/www.cdcipolletti.gob.ar\/?p=3011","title":{"rendered":"ORDEN DEL D\u00cdA DE LA SESI\u00d3N ORDINARIA DEL D\u00cdA MI\u00c9RCOLES 21 DE AGOSTO"},"content":{"rendered":"<p>CONCEJO DELIBERANTE<br \/>\nDE LA CIUDAD DE CIPOLLETTI<\/p>\n<p>Cipolletti, 21 de agosto 2024.-<\/p>\n<p>REUNI\u00d3N Na: 1078<br \/>\nSESI\u00d3N ORDINARIA No: 1022<\/p>\n<p>REFERENCIAS<br \/>\n1\u00b0 PUNTO): EXPEDIENTES SOBRE TABLAS<br \/>\n2o PUNTO): INFORMES DE ASUNTOS ENTRADOS<br \/>\nA) COMUNICACIONES OFICIALES<br \/>\nB) COMUNICACIONES GENERALES<\/p>\n<p>3\u00b0 PUNTO): DESPACHOS DE COMISIONES PERMANENTES<br \/>\nPRESIDENCIA DEL CONCEJO: KARINA ELIZABETH ALVAREZ<br \/>\nSECRETARIO LEGISLATIVO: RODRIGO JULI\u00c1N IRIARTE<\/p>\n<p>SOBRE TABLAS:<\/p>\n<p>Entrada 083\/24<\/p>\n<p>Expte: 071 \/24<\/p>\n<p>Proy. Declaraci\u00f3n S\/ Solicita declarar Personalidad destacada al Sr. Marcelo<br \/>\nPi\u00f1eiro.<\/p>\n<p>Bloque J.S.R.N. \u2013 Cjal. \u00c1lvarez Karina<\/p>\n<p>Se resolvi\u00f3: SOBRE TABLAS<\/p>\n<p>Entrada 065\/24<\/p>\n<p>Expte: 58\/24<\/p>\n<p>Proy. De Declaraci\u00f3n de Inter\u00e9s S\/ libro \u201coto\u00f1o en su alma\u201d, autora Lic. Magda Mars\u00f3.<\/p>\n<p>Bloque J.S.R.N. \u2013 Cjal. \u00c1lvarez Karina<\/p>\n<p>Se resolvi\u00f3: SOBRE TABLAS<\/p>\n<p>ASUNTOS INGRESADOS<\/p>\n<p>Entrada 073\/24<\/p>\n<p>Expediente 078\/24<\/p>\n<p>Bloque Cambia Cipolletti &#8211; Concejal Langowki &#8211; Proy. De<br \/>\nOrdenanza S\/ Se\u00f1alizaci\u00f3n de V\u00edas de Evacuaci\u00f3n.<\/p>\n<p>Se resolvi\u00f3: Comisi\u00f3n de Gobierno.<\/p>\n<p>Entrada 078\/24<\/p>\n<p>Expediente 067\/24<\/p>\n<p>Municipalidad &#8211; Proy. De Ordenanza S\/ Solicita Designar a espacio verde o espacio p\u00fablico Maestro Fausto AGUNDES.<\/p>\n<p>Se resolvi\u00f3: Comisi\u00f3n de Gobierno.<\/p>\n<p>Entrada 087\/24 Cjal.<\/p>\n<p>Expediente 077\/24<\/p>\n<p>Posse Martin &#8211; Cjal. \u00c1lvarez Karina &#8211; Proy. De Ord. S\/<br \/>\nAdhesi\u00f3n a Ley N.o 5422 &#8211; Sistema Provincial de Protecci\u00f3n Civil y<br \/>\nGesti\u00f3n. Integral del Riesgo.<\/p>\n<p>Se resolvi\u00f3: Comisi\u00f3n de Gobierno.<\/p>\n<p>Entrada 079\/24<\/p>\n<p>Expediente 068\/24<\/p>\n<p>Bloque Cambia Cipolletti &#8211; Concejal Manonelles &#8211; Proy. Ordenanza<\/p>\n<p>S\/ Solicita adherir a la Ley Prov. RN N.o 5668 .<\/p>\n<p>Se resolvi\u00f3: Comisi\u00f3n de Hacienda.<\/p>\n<p>Entrada 084\/24<\/p>\n<p>Expediente 072\/24<\/p>\n<p>Municipalidad- Proy. De Ordenanza S\/ Apertura de registro deoposici\u00f3n para recambio led en barrios de la ciudad.<\/p>\n<p>Se resolvi\u00f3: Comisi\u00f3n de Hacienda.<\/p>\n<p>Entrada 076\/24<\/p>\n<p>Expediente 066\/24<\/p>\n<p>Bloque Cambia Cipolletti &#8211; Concejal Napoli &#8211; Proy. Declaraci\u00f3n<br \/>\nInter\u00e9s S\/ Solicita declarar de inter\u00e9s municipal CET- N.o 9 Recicla.<\/p>\n<p>Se resolvi\u00f3: Comisi\u00f3n de Desarrollo Humano y Familia.<\/p>\n<p>Entrada 077\/24<\/p>\n<p>Expediente 65\/54<\/p>\n<p>Bloque Cambia Cipolletti \u2013 Cjal. Napoli &#8211; Proy. Declaraci\u00f3n de<br \/>\nInter\u00e9s S\/ Solicita declarar de inter\u00e9s al Taller sobre seguridad el\u00e9ctrica<br \/>\nen viviendas en el Centro de Educaci\u00f3n T\u00e9cnica N\u00b09 .<\/p>\n<p>Se resolvi\u00f3: Comisi\u00f3n de Desarrollo Humano y Familia.<\/p>\n<p>Entrada 081\/24<\/p>\n<p>Expediente 069\/24<\/p>\n<p>Bloque Juntos Somos R\u00edo Negro-Concejal Dietrich &#8211; Proy.<br \/>\nDeclaraci\u00f3n S\/ Solicita declarar de inter\u00e9s al d\u00e9cimo primer encuentro<br \/>\nMOLPA (Movimiento de Orquestas Latinoamericano Patag\u00f3nicas).<\/p>\n<p>Se resolvi\u00f3: Comisi\u00f3n Desarrollo Humano y Familia.<\/p>\n<p>Entrada 082\/24<\/p>\n<p>Expediente 070\/24<\/p>\n<p>Bloque Juntos Somos R\u00edo Negro-Cjal. Posse &#8211; Proy. Declaraci\u00f3n S\/<br \/>\nSolicita declarar de inter\u00e9s al 50\u00b0 Aniversario del Centro de Educaci\u00f3n<br \/>\nT\u00e9cnica N.o 9.<\/p>\n<p>Se resolvi\u00f3: Comisi\u00f3n de Desarrollo Humano y Familia.<\/p>\n<p>Entrada 085\/24<\/p>\n<p>Expediente 073\/24<\/p>\n<p>Petici\u00f3n: Declarar de Inter\u00e9s 1er encuentro regional de coros.<\/p>\n<p>Se resolvi\u00f3: Comisi\u00f3n de Desarrollo Humano y Familia.<\/p>\n<p>Entrada 086\/24<\/p>\n<p>Expediente 076\/24<\/p>\n<p>Osorio Sylvia E. &#8211; Proy. De Declaraci\u00f3n de Inter\u00e9s S\/ Libro de la historia de Ferri.<\/p>\n<p>Se resolvi\u00f3: Comisi\u00f3n de Desarrollo Humano y Familia.<\/p>\n<p>Entrada 088\/24<\/p>\n<p>Expediente 075\/24<\/p>\n<p>Cjal. Alvarez Karina &#8211; Proy. De Declaraci\u00f3n de Inter\u00e9s S\/ evento \u201ccipo resetea tus intestinos\u201d<\/p>\n<p>Se resolvi\u00f3: Comisi\u00f3n de Desarrollo Humano y Familia.<\/p>\n<p>Entrada 089\/24<\/p>\n<p>Expediente 074\/24<\/p>\n<p>Cjal. \u00c1lvarez Karina &#8211; Proy. De Declaraci\u00f3n Personalidad destacada S\/ Dr. Pereyra Facundo.<\/p>\n<p>Se resolvi\u00f3: Comisi\u00f3n de Desarrollo Humano y Familia.<\/p>\n<p>DESPACHOS DE COMISIONES PERMANENTES<\/p>\n<p>Entrada 68\/24<\/p>\n<p>Expediente 062-M-24<\/p>\n<p>COMISI\u00d3N CONJUNTA: GOBIERNO &#8211; HACIENDA<\/p>\n<p>Municipalidad &#8211; Proy. De Ordenanza: Autorizar al Poder Ejecutivo Municipal a<br \/>\ntramitar operaciones Leasing ante el Bco. Patagonia S. A.-<\/p>\n<p>Despacho\u00a0 fecha 14\/08\/24-<\/p>\n<p>Entrada 70\/24<\/p>\n<p>Expediente 063-M-24<\/p>\n<p>COMISI\u00d3N CONJUNTA: OBRAS Y SERVICIOS P\u00daBLICOS \u2013 HACIENDA<\/p>\n<p>Municipalidad- Proy. De Ordenanza: Solicita modificar el C\u00f3digo de Planeamiento<br \/>\nTerritorial \u2013 Renta Diferencial Urbana.-<\/p>\n<p>Despacho fecha 14\/08\/24<\/p>\n<p>COMISI\u00d3N DE GOBIERNO<\/p>\n<p>Entrada 57\/24<\/p>\n<p>Expediente 051-M-24<\/p>\n<p>Municipalidad &#8211; Proy. De Ordenanza: Solicita desafectar de condici\u00f3n de USO<br \/>\nP\u00daBLICO, al espacio verde identificado como 03-J-32-9A.-<\/p>\n<p>Despacho fecha 14\/08\/24<\/p>\n<p>Entrada 58\/24<\/p>\n<p>Expediente 052-M-24<\/p>\n<p>Municipalidad &#8211; Proy. De Ordenanza: Solicita desafectar de condici\u00f3n de USO<br \/>\nP\u00daBLICO al espacio verde identificado como 03-F-834-01<\/p>\n<p>Despacho 14\/08\/24<\/p>\n<p>&nbsp;<\/p>\n<p>&nbsp;<\/p>\n<p>&nbsp;<\/p>\n","protected":false},"excerpt":{"rendered":"<p>CONCEJO DELIBERANTE DE LA CIUDAD DE CIPOLLETTI Cipolletti, 21 de agosto 2024.- REUNI\u00d3N Na: 1078 SESI\u00d3N ORDINARIA No: 1022 REFERENCIAS 1\u00b0 PUNTO): EXPEDIENTES SOBRE TABLAS 2o PUNTO): INFORMES DE ASUNTOS ENTRADOS A) COMUNICACIONES OFICIALES B) COMUNICACIONES GENERALES 3\u00b0 PUNTO): DESPACHOS DE COMISIONES PERMANENTES PRESIDENCIA DEL CONCEJO: KARINA ELIZABETH ALVAREZ SECRETARIO LEGISLATIVO: RODRIGO JULI\u00c1N IRIARTE SOBRE &hellip; <\/p>\n<p class=\"link-more\"><a href=\"https:\/\/www.cdcipolletti.gob.ar\/?p=3011\" class=\"more-link\">more<span class=\"screen-reader-text\"> &#8220;ORDEN DEL D\u00cdA DE LA SESI\u00d3N ORDINARIA DEL D\u00cdA MI\u00c9RCOLES 21 DE AGOSTO&#8221;<\/span><\/a><\/p>\n","protected":false},"author":3,"featured_media":3012,"comment_status":"closed","ping_status":"closed","sticky":false,"template":"","format":"standard","meta":[],"categories":[35],"tags":[],"_links":{"self":[{"href":"https:\/\/www.cdcipolletti.gob.ar\/index.php?rest_route=\/wp\/v2\/posts\/3011"}],"collection":[{"href":"https:\/\/www.cdcipolletti.gob.ar\/index.php?rest_route=\/wp\/v2\/posts"}],"about":[{"href":"https:\/\/www.cdcipolletti.gob.ar\/index.php?rest_route=\/wp\/v2\/types\/post"}],"author":[{"embeddable":true,"href":"https:\/\/www.cdcipolletti.gob.ar\/index.php?rest_route=\/wp\/v2\/users\/3"}],"replies":[{"embeddable":true,"href":"https:\/\/www.cdcipolletti.gob.ar\/index.php?rest_route=%2Fwp%2Fv2%2Fcomments&post=3011"}],"version-history":[{"count":2,"href":"https:\/\/www.cdcipolletti.gob.ar\/index.php?rest_route=\/wp\/v2\/posts\/3011\/revisions"}],"predecessor-version":[{"id":3014,"href":"https:\/\/www.cdcipolletti.gob.ar\/index.php?rest_route=\/wp\/v2\/posts\/3011\/revisions\/3014"}],"wp:featuredmedia":[{"embeddable":true,"href":"https:\/\/www.cdcipolletti.gob.ar\/index.php?rest_route=\/wp\/v2\/media\/3012"}],"wp:attachment":[{"href":"https:\/\/www.cdcipolletti.gob.ar\/index.php?rest_route=%2Fwp%2Fv2%2Fmedia&parent=3011"}],"wp:term":[{"taxonomy":"category","embeddable":true,"href":"https:\/\/www.cdcipolletti.gob.ar\/index.php?rest_route=%2Fwp%2Fv2%2Fcategories&post=3011"},{"taxonomy":"post_tag","embeddable":true,"href":"https:\/\/www.cdcipolletti.gob.ar\/index.php?rest_route=%2Fwp%2Fv2%2Ftags&post=3011"}],"curies":[{"name":"wp","href":"https:\/\/api.w.org\/{rel}","templated":true}]}}