{"id":3008,"date":"2024-08-07T09:45:37","date_gmt":"2024-08-07T12:45:37","guid":{"rendered":"https:\/\/www.cdcipolletti.gob.ar\/?p=3008"},"modified":"2024-08-07T09:45:37","modified_gmt":"2024-08-07T12:45:37","slug":"exitosa-capacitacion-en-ceremonial-y-protocolo","status":"publish","type":"post","link":"https:\/\/www.cdcipolletti.gob.ar\/?p=3008","title":{"rendered":"EXITOSA CAPACITACI\u00d3N EN CEREMONIAL Y PROTOCOLO"},"content":{"rendered":"<p>La capacitaci\u00f3n se llev\u00f3 adelante el d\u00eda lunes 05 y martes 06 de agosto en el Complejo Cultural. La iniciativa fue de Concejo Deliberante de Cipolletti y dictada por el Director General de Presidencia Jos\u00e9 Otermin y la Jefa de ceremonial y Protocolo Mabel Le\u00f3n de la Legislatura de R\u00edo Negro. Adem\u00e1s, acompa\u00f1\u00f3 la Secretar\u00eda de Energ\u00eda y Ambiente y la Municipalidad de Cipolletti.<\/p>\n<p>Entre las dos jornadas m\u00e1s de 100 personas se capacitaron de manera gratuita. Personal del Concejo Deliberante y la Municipalidad de Cipolletti, de la Secretar\u00eda de Energ\u00eda y Ambiente, de la Municipalidad de R\u00edo Colorado, Allen, General Fern\u00e1ndez Oro, General Enrique Godoy, Concejo Deliberante de Neuqu\u00e9n, C\u00e1mara de Comercio de Regina, Escuela Provincial de folklore, IPPV, Centro de Jubilados, bomberos, Instituciones Intermedias, docentes, locutores, fot\u00f3grafos, mozos, entre otros, se capacitaron.<\/p>\n<p>La Presidenta del Concejo Deliberante de Cipolletti, Karina Alvarez, expres\u00f3; &#8220;es fundamental esto de enriquecer el capital personal, grupal, y profundizar nuestros conocimientos en las \u00e1reas que nos correspondan&#8221;.<\/p>\n","protected":false},"excerpt":{"rendered":"<p>La capacitaci\u00f3n se llev\u00f3 adelante el d\u00eda lunes 05 y martes 06 de agosto en el Complejo Cultural. La iniciativa fue de Concejo Deliberante de Cipolletti y dictada por el Director General de Presidencia Jos\u00e9 Otermin y la Jefa de ceremonial y Protocolo Mabel Le\u00f3n de la Legislatura de R\u00edo Negro. Adem\u00e1s, acompa\u00f1\u00f3 la Secretar\u00eda &hellip; <\/p>\n<p class=\"link-more\"><a href=\"https:\/\/www.cdcipolletti.gob.ar\/?p=3008\" class=\"more-link\">more<span class=\"screen-reader-text\"> &#8220;EXITOSA CAPACITACI\u00d3N EN CEREMONIAL Y PROTOCOLO&#8221;<\/span><\/a><\/p>\n","protected":false},"author":3,"featured_media":3009,"comment_status":"closed","ping_status":"closed","sticky":false,"template":"","format":"standard","meta":[],"categories":[35],"tags":[],"_links":{"self":[{"href":"https:\/\/www.cdcipolletti.gob.ar\/index.php?rest_route=\/wp\/v2\/posts\/3008"}],"collection":[{"href":"https:\/\/www.cdcipolletti.gob.ar\/index.php?rest_route=\/wp\/v2\/posts"}],"about":[{"href":"https:\/\/www.cdcipolletti.gob.ar\/index.php?rest_route=\/wp\/v2\/types\/post"}],"author":[{"embeddable":true,"href":"https:\/\/www.cdcipolletti.gob.ar\/index.php?rest_route=\/wp\/v2\/users\/3"}],"replies":[{"embeddable":true,"href":"https:\/\/www.cdcipolletti.gob.ar\/index.php?rest_route=%2Fwp%2Fv2%2Fcomments&post=3008"}],"version-history":[{"count":1,"href":"https:\/\/www.cdcipolletti.gob.ar\/index.php?rest_route=\/wp\/v2\/posts\/3008\/revisions"}],"predecessor-version":[{"id":3010,"href":"https:\/\/www.cdcipolletti.gob.ar\/index.php?rest_route=\/wp\/v2\/posts\/3008\/revisions\/3010"}],"wp:featuredmedia":[{"embeddable":true,"href":"https:\/\/www.cdcipolletti.gob.ar\/index.php?rest_route=\/wp\/v2\/media\/3009"}],"wp:attachment":[{"href":"https:\/\/www.cdcipolletti.gob.ar\/index.php?rest_route=%2Fwp%2Fv2%2Fmedia&parent=3008"}],"wp:term":[{"taxonomy":"category","embeddable":true,"href":"https:\/\/www.cdcipolletti.gob.ar\/index.php?rest_route=%2Fwp%2Fv2%2Fcategories&post=3008"},{"taxonomy":"post_tag","embeddable":true,"href":"https:\/\/www.cdcipolletti.gob.ar\/index.php?rest_route=%2Fwp%2Fv2%2Ftags&post=3008"}],"curies":[{"name":"wp","href":"https:\/\/api.w.org\/{rel}","templated":true}]}}