{"id":3006,"date":"2024-08-02T10:32:40","date_gmt":"2024-08-02T13:32:40","guid":{"rendered":"https:\/\/www.cdcipolletti.gob.ar\/?p=3006"},"modified":"2024-08-02T10:32:40","modified_gmt":"2024-08-02T13:32:40","slug":"taller-de-ceremonial-y-protocolo-gratuito","status":"publish","type":"post","link":"https:\/\/www.cdcipolletti.gob.ar\/?p=3006","title":{"rendered":"TALLER DE CEREMONIAL Y PROTOCOLO GRATUITO"},"content":{"rendered":"<p>El lunes 5 y martes 6 de agosto de 9 a 13 hs. se dictar\u00e1 un taller de Ceremonial y Protocolo en la Sala Piazzolla del Complejo Cultural Cipolletti (CCC), la capacitaci\u00f3n ser\u00e1 dictada a trav\u00e9s de la Legislatura de R\u00edo Negro con el acompa\u00f1amiento la Secretar\u00eda de Energ\u00eda, la Municipalidad de Cipolletti y el Concejo Deliberante de la ciudad.<\/p>\n<p>El curso estar\u00e1 destinado a:<\/p>\n<p>LUNES 05\/08: personal municipal de Cipolletti, organismos provinciales, municipales, legislativos e instituciones intermedias de la regi\u00f3n.<\/p>\n<p>Link de inscripci\u00f3n: https:\/\/forms.gle\/gY8p3AWh9CPMwjYa6<\/p>\n<p>MARTES 06\/08: Abierto a todo p\u00fablico.<\/p>\n<p>Link de inscripci\u00f3n: https:\/\/docs.google.com\/forms\/d\/e\/1FAIpQLSf424x4GghVcooDOAkChObNbAVngV5TsQA6O2JWH637OoGwRA\/viewform<\/p>\n<p>La capacitaci\u00f3n ser\u00e1 dictada por el Director General de Presidencia, Jos\u00e9 Otermin, y la Jefa de Ceremonial Protocolo Mabel Le\u00f3n. Se entregar\u00e1 certificado.<\/p>\n<p>Por consultas escribir al email: presconcejodeliberante@gmail.com o al oficinadeempleocipolletti@gmail.com<\/p>\n","protected":false},"excerpt":{"rendered":"<p>El lunes 5 y martes 6 de agosto de 9 a 13 hs. se dictar\u00e1 un taller de Ceremonial y Protocolo en la Sala Piazzolla del Complejo Cultural Cipolletti (CCC), la capacitaci\u00f3n ser\u00e1 dictada a trav\u00e9s de la Legislatura de R\u00edo Negro con el acompa\u00f1amiento la Secretar\u00eda de Energ\u00eda, la Municipalidad de Cipolletti y el &hellip; <\/p>\n<p class=\"link-more\"><a href=\"https:\/\/www.cdcipolletti.gob.ar\/?p=3006\" class=\"more-link\">more<span class=\"screen-reader-text\"> &#8220;TALLER DE CEREMONIAL Y PROTOCOLO GRATUITO&#8221;<\/span><\/a><\/p>\n","protected":false},"author":3,"featured_media":2935,"comment_status":"closed","ping_status":"closed","sticky":false,"template":"","format":"standard","meta":[],"categories":[35],"tags":[],"_links":{"self":[{"href":"https:\/\/www.cdcipolletti.gob.ar\/index.php?rest_route=\/wp\/v2\/posts\/3006"}],"collection":[{"href":"https:\/\/www.cdcipolletti.gob.ar\/index.php?rest_route=\/wp\/v2\/posts"}],"about":[{"href":"https:\/\/www.cdcipolletti.gob.ar\/index.php?rest_route=\/wp\/v2\/types\/post"}],"author":[{"embeddable":true,"href":"https:\/\/www.cdcipolletti.gob.ar\/index.php?rest_route=\/wp\/v2\/users\/3"}],"replies":[{"embeddable":true,"href":"https:\/\/www.cdcipolletti.gob.ar\/index.php?rest_route=%2Fwp%2Fv2%2Fcomments&post=3006"}],"version-history":[{"count":1,"href":"https:\/\/www.cdcipolletti.gob.ar\/index.php?rest_route=\/wp\/v2\/posts\/3006\/revisions"}],"predecessor-version":[{"id":3007,"href":"https:\/\/www.cdcipolletti.gob.ar\/index.php?rest_route=\/wp\/v2\/posts\/3006\/revisions\/3007"}],"wp:featuredmedia":[{"embeddable":true,"href":"https:\/\/www.cdcipolletti.gob.ar\/index.php?rest_route=\/wp\/v2\/media\/2935"}],"wp:attachment":[{"href":"https:\/\/www.cdcipolletti.gob.ar\/index.php?rest_route=%2Fwp%2Fv2%2Fmedia&parent=3006"}],"wp:term":[{"taxonomy":"category","embeddable":true,"href":"https:\/\/www.cdcipolletti.gob.ar\/index.php?rest_route=%2Fwp%2Fv2%2Fcategories&post=3006"},{"taxonomy":"post_tag","embeddable":true,"href":"https:\/\/www.cdcipolletti.gob.ar\/index.php?rest_route=%2Fwp%2Fv2%2Ftags&post=3006"}],"curies":[{"name":"wp","href":"https:\/\/api.w.org\/{rel}","templated":true}]}}