{"id":3000,"date":"2024-07-24T18:22:56","date_gmt":"2024-07-24T21:22:56","guid":{"rendered":"https:\/\/www.cdcipolletti.gob.ar\/?p=3000"},"modified":"2024-07-24T18:22:56","modified_gmt":"2024-07-24T21:22:56","slug":"orden-del-dia-de-la-sesion-ordinaria-del-dia-jueves-25-de-julio","status":"publish","type":"post","link":"https:\/\/www.cdcipolletti.gob.ar\/?p=3000","title":{"rendered":"ORDEN DEL D\u00cdA DE LA SESI\u00d3N ORDINARIA DEL D\u00cdA JUEVES 25 DE JULIO"},"content":{"rendered":"<p>REUNI\u00d3N N\u00ba: 1077<br \/>\nSESI\u00d3N ORDINARIA N\u00ba: 1021<\/p>\n<p>REFERENCIAS<br \/>\n1\u00b0 PUNTO): EXPEDIENTES SOBRE TABLAS<br \/>\n2\u00ba PUNTO): DESPACHOS DE COMISIONES PERMANENTES<br \/>\n3\u00b0 PUNTO): INFORMES DE ASUNTOS ENTRADOS<br \/>\nA) COMUNICACIONES OFICIALES<br \/>\nB) COMUNICACIONES GENERALES<\/p>\n<p>PRESIDENCIA DEL CONCEJO: KARINA ELIZABETH ALVAREZ<br \/>\nSECRETARIO LEGISLATIVO: RODRIGO JULI\u00c1N IRIARTE<\/p>\n<p>SOBRE TABLAS<\/p>\n<p>EXPTE: 60\/24<\/p>\n<p>Proyecto de Ordenanza de Fondo S\/ adhesi\u00f3n al R\u00e9gimen de<br \/>\nIncentivo para Grandes Inversiones (RIGI).<\/p>\n<p>Municipalidad- Direcci\u00f3n Legal y T\u00e9cnica<\/p>\n<p>EXPTE: 61\/24<\/p>\n<p>Proyecto de Declaraci\u00f3n de inter\u00e9s S\/ 87\u00b0 aniversario de la<br \/>\ncreaci\u00f3n de la Biblioteca \u201cBernardino Rivadavia\u201d.<\/p>\n<p>Com. Directiva Biblioteca Popular \u201cBernardino Rivadavia\u201d.<\/p>\n<p>DESPACHO DE COMISIONES PERMANENTES<\/p>\n<p>COMISI\u00d3N INTERNA DE GOBIERNO<\/p>\n<p>EXPTE: 47\/24<\/p>\n<p>PROYECTO DE ORDENANZA DE FONDO S\/ Adherir a la<br \/>\nLey N\u00ba 5245, \u201cPatrocinio y tutor\u00eda del deporte\u201d.<br \/>\nBloque J.S.R.N. -Cjal. Alvarez Karina<\/p>\n<p>Se resolvi\u00f3: APROBADO POR UNANIMIDAD<\/p>\n<p>EXPTE: 48\/24<\/p>\n<p>PROYECTO DE ORDENANZA DE FONDO S\/ Adherir a la<br \/>\nLey N\u00ba 3396 y sus modificatorias, \u201cregularizaci\u00f3n dominial\u201d.<\/p>\n<p>Bloque J.S.R.N. &#8211; Cjal. Posse Martin<\/p>\n<p>Se resolvi\u00f3: APROBADO POR UNANIMIDAD<\/p>\n<p>EXPTE: 49\/24<\/p>\n<p>PROYECTO DE ORDENANZA DE FONDO S\/ Adherir a la<br \/>\nLey N\u00ba 5527, \u201cR\u00e9gimen Jur\u00eddico Especial, escrituraci\u00f3n gratuita<br \/>\nviviendas IPPV.<br \/>\nBloque J.S.R.N. &#8211; Cjal. Posse Martin<\/p>\n<p>Se resolvi\u00f3: APROBADO POR UNANIMIDAD<\/p>\n<p>EXPTE: 59\/24<\/p>\n<p>PROYECTO DE ORDENANZA DE TRAMITE S\/ Autorizar<br \/>\nal PEM, a efectuar la donaci\u00f3n con cargo a favor de la Asoc. Civil<br \/>\nCtro. de Docentes Jubilados Retirados de Cip. la parcela dominio<br \/>\nprivado municipal 03-1-H-316-09A.<\/p>\n<p>Municipalidad \u2013 Direcci\u00f3n de Desarrollo Territorial<\/p>\n<p>Se resolvi\u00f3: APROBADO POR UNANIMIDAD<\/p>\n<p>ASUNTOS INGRESADOS<\/p>\n<p>EXPTE: 62\/24<\/p>\n<p>PROYECTO DE ORDENANZA DE FONDO S\/ adquisici\u00f3n<br \/>\nde bienes mediante Leasing.<\/p>\n<p>Municipalidad \u2013 Direcci\u00f3n de Economia y Hacienda<\/p>\n<p>Se resolvi\u00f3: Su ingreso a COMISI\u00d3N DE GOBIERNO Y A LA COMISI\u00d3N DE HACIENDA<br \/>\n\u2013 APROBADO POR UNANIMIDAD<\/p>\n<p>EXPTE: 63\/24<\/p>\n<p>PROYECTO DE ORDENANZA DE FONDO S\/ Modificacion<br \/>\ndel C\u00f3digo de Planeamiento Territorial<\/p>\n<p>Municipalidad \u2013 Direcci\u00f3n de Econom\u00eda y Hacienda<\/p>\n<p>Se resolvi\u00f3: Su ingreso a COMISI\u00d3N DE OBRAS Y SERVICIOS P\u00daBLICOS, Y A<br \/>\nCOMISI\u00d3N DE HACIENDA \u2013 APROBADO POR UNANIMIDAD<\/p>\n<p>EXPTE: 64\/24<\/p>\n<p>PROYECTO DE ORDENANZA DE FONDO S\/ Adhesion y<br \/>\nComunicacion de la Ley Pcial. N.\u00ba 3738 y sus modificatorias.<\/p>\n<p>Bloque J.S.R.N. -Cjal. Alvarez Karina<\/p>\n<p>Se resolvi\u00f3: Su ingreso a COMISI\u00d3N DE GOBIERNO \u2013 APROBADO POR UNANIMIDAD<\/p>\n","protected":false},"excerpt":{"rendered":"<p>REUNI\u00d3N N\u00ba: 1077 SESI\u00d3N ORDINARIA N\u00ba: 1021 REFERENCIAS 1\u00b0 PUNTO): EXPEDIENTES SOBRE TABLAS 2\u00ba PUNTO): DESPACHOS DE COMISIONES PERMANENTES 3\u00b0 PUNTO): INFORMES DE ASUNTOS ENTRADOS A) COMUNICACIONES OFICIALES B) COMUNICACIONES GENERALES PRESIDENCIA DEL CONCEJO: KARINA ELIZABETH ALVAREZ SECRETARIO LEGISLATIVO: RODRIGO JULI\u00c1N IRIARTE SOBRE TABLAS EXPTE: 60\/24 Proyecto de Ordenanza de Fondo S\/ adhesi\u00f3n al R\u00e9gimen &hellip; <\/p>\n<p class=\"link-more\"><a href=\"https:\/\/www.cdcipolletti.gob.ar\/?p=3000\" class=\"more-link\">more<span class=\"screen-reader-text\"> &#8220;ORDEN DEL D\u00cdA DE LA SESI\u00d3N ORDINARIA DEL D\u00cdA JUEVES 25 DE JULIO&#8221;<\/span><\/a><\/p>\n","protected":false},"author":3,"featured_media":3001,"comment_status":"closed","ping_status":"closed","sticky":false,"template":"","format":"standard","meta":[],"categories":[35],"tags":[],"_links":{"self":[{"href":"https:\/\/www.cdcipolletti.gob.ar\/index.php?rest_route=\/wp\/v2\/posts\/3000"}],"collection":[{"href":"https:\/\/www.cdcipolletti.gob.ar\/index.php?rest_route=\/wp\/v2\/posts"}],"about":[{"href":"https:\/\/www.cdcipolletti.gob.ar\/index.php?rest_route=\/wp\/v2\/types\/post"}],"author":[{"embeddable":true,"href":"https:\/\/www.cdcipolletti.gob.ar\/index.php?rest_route=\/wp\/v2\/users\/3"}],"replies":[{"embeddable":true,"href":"https:\/\/www.cdcipolletti.gob.ar\/index.php?rest_route=%2Fwp%2Fv2%2Fcomments&post=3000"}],"version-history":[{"count":1,"href":"https:\/\/www.cdcipolletti.gob.ar\/index.php?rest_route=\/wp\/v2\/posts\/3000\/revisions"}],"predecessor-version":[{"id":3002,"href":"https:\/\/www.cdcipolletti.gob.ar\/index.php?rest_route=\/wp\/v2\/posts\/3000\/revisions\/3002"}],"wp:featuredmedia":[{"embeddable":true,"href":"https:\/\/www.cdcipolletti.gob.ar\/index.php?rest_route=\/wp\/v2\/media\/3001"}],"wp:attachment":[{"href":"https:\/\/www.cdcipolletti.gob.ar\/index.php?rest_route=%2Fwp%2Fv2%2Fmedia&parent=3000"}],"wp:term":[{"taxonomy":"category","embeddable":true,"href":"https:\/\/www.cdcipolletti.gob.ar\/index.php?rest_route=%2Fwp%2Fv2%2Fcategories&post=3000"},{"taxonomy":"post_tag","embeddable":true,"href":"https:\/\/www.cdcipolletti.gob.ar\/index.php?rest_route=%2Fwp%2Fv2%2Ftags&post=3000"}],"curies":[{"name":"wp","href":"https:\/\/api.w.org\/{rel}","templated":true}]}}