{"id":2995,"date":"2024-07-19T08:52:31","date_gmt":"2024-07-19T11:52:31","guid":{"rendered":"https:\/\/www.cdcipolletti.gob.ar\/?p=2995"},"modified":"2024-07-19T09:52:05","modified_gmt":"2024-07-19T12:52:05","slug":"sesion-ordinaria-n-1020","status":"publish","type":"post","link":"https:\/\/www.cdcipolletti.gob.ar\/?p=2995","title":{"rendered":"SESI\u00d3N ORDINARIA N\u00b0 1020"},"content":{"rendered":"<p>Ayer el CONCEJO DELIBERANTE realiz\u00f3 una nueva SESI\u00d3N ORDINARIA.<\/p>\n<p>En un primer momento de la Sesi\u00f3n el Concejo sancion\u00f3 un Proyecto de Comunicaci\u00f3n\u00a0 que reconoce el 18 de julio de cada a\u00f1o como D\u00cdA DE DUELO NACIONAL EN HOMENAJE A LAS VICTIMAS DEL ATENTADO A LA AMIA. Durante la Sesi\u00f3n se hizo un minuto de silencio y los Concejales pidieron la palabra para pedir memoria y justicia a 30 a\u00f1os del atentado. Miembros del Centro Social y Cultural Israelita Allen, Cipolletti y Neuqu\u00e9n participaron de la Sesi\u00f3n recordando aquel 18 de julio de 1994.<\/p>\n<p>Continuando con la Sesi\u00f3n SOBRE TABLAS se aprobaron de manera un\u00e1nime los Proyectos:<\/p>\n<p>. EXPTE: 55\/24, PROYECTO DE ORDENANZA DE TRAMITE S\/ Solicita Proceder a la clausura del registro de Oposici\u00f3n correspondiente a la obra \u201cCord\u00f3n Cuneta Barrio Los Pinos\u201d.<\/p>\n<p>. EXPTE: 56\/24, DECLARACI\u00d3N DE INTER\u00c9S MUNICIPAL S\/ Solicita<br \/>\ndeclarar de inter\u00e9s municipal al encuentro acad\u00e9mico organizado<br \/>\npor el Colegio de Abogados del Alto Valle.<\/p>\n<p>. EXPTE: 57\/24, DECLARACI\u00d3N DE INTER\u00c9S MUNICIPAL s\/ Solicita<br \/>\ndeclarar de inter\u00e9s municipal a las Jornadas de investigaci\u00f3n y<br \/>\nrecreaci\u00f3n Paleontolog\u00eda para ni\u00f1os.<\/p>\n<p>Adem\u00e1s de los ASUNTOS INGRESADOS el,<\/p>\n<p>. EXPTE: 59\/24, PROYECTO DE ORDENANZA DE TR\u00c1MITE S\/ Autorizar al PEM, a efectuar la donaci\u00f3n con cargo a favor de la Asoc. Civil Ctro. de Docentes Jubilados Retirados de Cip. la parcela dominio privado municipal 03-1-H-316-09A, se aprob\u00f3 de manera un\u00e1nime su ingreso a COMISI\u00d3N DE GOBIERNO.<\/p>\n","protected":false},"excerpt":{"rendered":"<p>Ayer el CONCEJO DELIBERANTE realiz\u00f3 una nueva SESI\u00d3N ORDINARIA. En un primer momento de la Sesi\u00f3n el Concejo sancion\u00f3 un Proyecto de Comunicaci\u00f3n\u00a0 que reconoce el 18 de julio de cada a\u00f1o como D\u00cdA DE DUELO NACIONAL EN HOMENAJE A LAS VICTIMAS DEL ATENTADO A LA AMIA. Durante la Sesi\u00f3n se hizo un minuto de &hellip; <\/p>\n<p class=\"link-more\"><a href=\"https:\/\/www.cdcipolletti.gob.ar\/?p=2995\" class=\"more-link\">more<span class=\"screen-reader-text\"> &#8220;SESI\u00d3N ORDINARIA N\u00b0 1020&#8221;<\/span><\/a><\/p>\n","protected":false},"author":3,"featured_media":2996,"comment_status":"closed","ping_status":"closed","sticky":false,"template":"","format":"standard","meta":[],"categories":[35],"tags":[],"_links":{"self":[{"href":"https:\/\/www.cdcipolletti.gob.ar\/index.php?rest_route=\/wp\/v2\/posts\/2995"}],"collection":[{"href":"https:\/\/www.cdcipolletti.gob.ar\/index.php?rest_route=\/wp\/v2\/posts"}],"about":[{"href":"https:\/\/www.cdcipolletti.gob.ar\/index.php?rest_route=\/wp\/v2\/types\/post"}],"author":[{"embeddable":true,"href":"https:\/\/www.cdcipolletti.gob.ar\/index.php?rest_route=\/wp\/v2\/users\/3"}],"replies":[{"embeddable":true,"href":"https:\/\/www.cdcipolletti.gob.ar\/index.php?rest_route=%2Fwp%2Fv2%2Fcomments&post=2995"}],"version-history":[{"count":3,"href":"https:\/\/www.cdcipolletti.gob.ar\/index.php?rest_route=\/wp\/v2\/posts\/2995\/revisions"}],"predecessor-version":[{"id":2999,"href":"https:\/\/www.cdcipolletti.gob.ar\/index.php?rest_route=\/wp\/v2\/posts\/2995\/revisions\/2999"}],"wp:featuredmedia":[{"embeddable":true,"href":"https:\/\/www.cdcipolletti.gob.ar\/index.php?rest_route=\/wp\/v2\/media\/2996"}],"wp:attachment":[{"href":"https:\/\/www.cdcipolletti.gob.ar\/index.php?rest_route=%2Fwp%2Fv2%2Fmedia&parent=2995"}],"wp:term":[{"taxonomy":"category","embeddable":true,"href":"https:\/\/www.cdcipolletti.gob.ar\/index.php?rest_route=%2Fwp%2Fv2%2Fcategories&post=2995"},{"taxonomy":"post_tag","embeddable":true,"href":"https:\/\/www.cdcipolletti.gob.ar\/index.php?rest_route=%2Fwp%2Fv2%2Ftags&post=2995"}],"curies":[{"name":"wp","href":"https:\/\/api.w.org\/{rel}","templated":true}]}}