{"id":2984,"date":"2024-06-27T12:52:56","date_gmt":"2024-06-27T15:52:56","guid":{"rendered":"https:\/\/www.cdcipolletti.gob.ar\/?p=2984"},"modified":"2024-06-27T12:52:56","modified_gmt":"2024-06-27T15:52:56","slug":"orden-del-dia-de-la-sesion-ordinaria-de-manana-viernes-28-de-junio","status":"publish","type":"post","link":"https:\/\/www.cdcipolletti.gob.ar\/?p=2984","title":{"rendered":"ORDEN DEL D\u00cdA DE LA SESI\u00d3N ORDINARIA DE MA\u00d1ANA VIERNES 28 DE JUNIO"},"content":{"rendered":"<p>CONCEJO DELIBERANTE<br \/>\nDE LA CIUDAD DE CIPOLLETTI<\/p>\n<p>Cipolletti, de 28 Junio 2024.-<\/p>\n<p>REUNI\u00d3N N\u00ba: 1075<br \/>\nSESI\u00d3N ORDINARIA N\u00ba: 1019<\/p>\n<p>REFERENCIAS<br \/>\n1\u00b0 PUNTO): EXPEDIENTES SOBRE TABLAS<br \/>\n2\u00ba PUNTO): INFORMES DE ASUNTOS ENTRADOS<br \/>\nA) COMUNICACIONES OFICIALES<br \/>\nB) COMUNICACIONES GENERALES<\/p>\n<p>3\u00b0 PUNTO): DESPACHOS DE COMISIONES PERMANENTES<br \/>\nPRESIDENCIA DEL CONCEJO: KARINA ELIZABETH ALVAREZ<br \/>\nSECRETARIO LEGISLATIVO: RODRIGO JULI\u00c1N IRIARTE<\/p>\n<p>SOBRE TABLAS<\/p>\n<p>&#8211; Expte: 33\/24<\/p>\n<p>DECLARACI\u00d3N DE INTER\u00c9S MUNICIPAL S\/ actividad deportiva<br \/>\ncompuesta por una \u201cRodada (pedaleda)\u201d impulsada por la Universidad<br \/>\nde Flores-UFLO<br \/>\nBloque J.S.R.N. -Cjal. Alvarez Karina<\/p>\n<p>Se resolvi\u00f3: SOBRE TABLAS<\/p>\n<p>&#8211; Expte: 39\/24<\/p>\n<p>DECLARACI\u00d3N DE INTER\u00c9S MUNICIPAL S\/ Declarar de<br \/>\nInter\u00e9s Municipal al Congreso \u201cLas adolescencias y juventudes<br \/>\nen la agenda pol\u00edtica rionegrina.<br \/>\nBloque J.S.R.N. -Cjal. Dietrich Adriana<\/p>\n<p>-Expte: 40\/24<\/p>\n<p>Se resolvi\u00f3: SOBRE TABLAS<\/p>\n<p>DECLARACI\u00d3N DE INTER\u00c9S MUNICIPAL s\/ actividades<br \/>\n\u201cConstruyendo huellas ambientales balseras, separando nuestros<br \/>\nresiduos responsablemente\u201d<br \/>\nBloque J.S.R.N. -Cjal. Dietrich Adriana<\/p>\n<p>Se resolvi\u00f3: SOBRE TABLAS<\/p>\n<p>-Expte: 45\/24<\/p>\n<p>DECLARACI\u00d3N DE INTER\u00c9S MUNICIPAL S\/ Solicita<br \/>\ndeclarar de Inter\u00e9s Municipal al evento \u201cExpo Vocacional Cipolletti<br \/>\n2024\u201d.<br \/>\nBloque J.S.R.N. -Cjal. Dietrich Adriana<\/p>\n<p>Se resolvi\u00f3: SOBRE TABLAS<\/p>\n<p>-Expte: 50\/24<\/p>\n<p>DECLARACI\u00d3N DE INTER\u00c9S MUNICIPAL S\/ las<br \/>\nactividades a realizar el dia 28\/06\/24 en el C.C.C. con motivo de<br \/>\ncelebrar el \u201cDia Internacional del Yoga\u201d<br \/>\nBloque Cambia Cipolletti &#8211; Cjal. Manonelles Maria Jose<\/p>\n<p>Se resolvi\u00f3: SOBRE TABLA<\/p>\n<p>-Expte: 55\/24<\/p>\n<p>PROYECTO DE RESOLUCI\u00d3N S\/ designar a la Sra. IN\u00c9S<br \/>\nKARINA GARCIA RESAMANO como secretaria de la Concejal<br \/>\nNapoli, y dejar sin efecto la designaci\u00f3n del Sr. SERER SERGIO<br \/>\nPresidencia Concejo Deliberante<\/p>\n<p>Se resolvi\u00f3: SOBRE TABLAS<\/p>\n<p>-Expte: 43\/24<\/p>\n<p>PROYECTO DE ORDENANZA DE FONDO S\/Solicita crear<br \/>\nel \u00e1mbito de la Ciudad la \u201cExpo Vocacional Cipolletti\u201d.<br \/>\nBloque J.S.R.N. -Cjal. Dietrich Adriana<\/p>\n<p>Se resolvi\u00f3: SOBRE TABLAS<\/p>\n<p>-Expte: 37\/24<\/p>\n<p>PROYECTO DE ORDENANZA DE TRAMITE S\/ derogar<br \/>\nla Ordenanza de Tr\u00e1mite N\u00ba 05\/2021.<br \/>\nMunicipalidad \u2013 Direcci\u00f3n Administrativa, Legal y T\u00e9cnica<\/p>\n<p>Se resolvi\u00f3: SOBRE TABLA<\/p>\n<p>ASUNTOS INGRESADOS<\/p>\n<p>-Expte: 42\/24<\/p>\n<p>DECLARACI\u00d3N DE INTER\u00c9S MUNICIPALS\/ Solicita<br \/>\ndeclarar de inter\u00e9s municipal a la conmemoraci\u00f3n del d\u00eda Internacional<br \/>\nde los Ni\u00f1os victimas Inocentes de Agresi\u00f3n<br \/>\nBloque Cambia Cipolletti-Cjal. Napoli Ana Maria<\/p>\n<p>Se resolvi\u00f3: Su ingreso a COMISI\u00d3N DE DESARROLLO HUMANO Y FAMILIA<\/p>\n<p>-Expte: 54\/24<\/p>\n<p>PROYECTO DE ORDENANZA DE TRAMITES\/ Nombramiento<br \/>\nde calle comprendida dentro del fraccionamientocatastral 031.M-003-<br \/>\n06, como \u201cDo\u00f1a Elvira Marini de Baglioni\u201d<br \/>\nVecino &#8211; Baglioni Osvaldo<\/p>\n<p>Se resolvi\u00f3: Su ingreso a COMISI\u00d3N DE GOBIERNO<\/p>\n<p>-Expte: 34\/24<\/p>\n<p>PROYECTO DE ORDENANZA DE FONDO S\/Crear con<br \/>\ncar\u00e1cter de participaci\u00f3n obligatoria para todo el personal de la<br \/>\nMunicipalidad, el programa de capacitaci\u00f3n en t\u00e9cnicas de<br \/>\nR.C.P.<br \/>\nBloque Cambia Cipolletti-Cjal. Manonelles Maria Jose<\/p>\n<p>Se resolvi\u00f3: Su ingreso a COMISI\u00d3N DE GOBIERNO<\/p>\n<p>-Expte: 35\/24<\/p>\n<p>PROYECTO DE ORDENANZA DE FONDO S\/Crear el<br \/>\nPrograma &#8211; Concientizaci\u00f3n en la Prevenci\u00f3n de distintos tipos<br \/>\nde estafas.<br \/>\nBloque Cambia Cipolletti-Cjal. Manonelles Maria Jose<\/p>\n<p>Se resolvi\u00f3: Su ingreso a COMISI\u00d3N DE GOBIERNO<\/p>\n<p>-Expte: 36\/24<\/p>\n<p>PROYECTO DE ORDENANZA DE FONDO S\/ Reglamentar<br \/>\nArt. 86\u00b0 del COM- estableciendo designaci\u00f3n fija de un<br \/>\nnumerador a los Textos Ordenandos<br \/>\nBloque J.S.R.N. -Cjal. Alvarez Karina<\/p>\n<p>Se resolvi\u00f3: Su ingreso a COMISI\u00d3N DE GOBIERNO<\/p>\n<p>-Expte: 38\/24<\/p>\n<p>PROYECTO DE ORDENANZAS\/ designar con el nombre<br \/>\n\u201cLos Nogales\u201d a espacio verde ubicado en la parcela 03-1-C-<br \/>\n608-01, en el Barrio Ferri<br \/>\nMunicipalidad &#8211; Perticarini Fabiana<\/p>\n<p>Se resolvi\u00f3: Su ingreso a COMISI\u00d3N DE GOBIERNO<\/p>\n<p>-Expte: 44\/24<\/p>\n<p>PROYECTO DE ORDENANZA DE FONDOS\/ derogar la<br \/>\nOrdenanza de Fondo N\u00b0279\/16, Consejo Local de los Derechos<br \/>\nde Ni\u00f1as, Ni\u00f1os y Adolescentes.<br \/>\nBloque J.S.R.N. -Cjal. Dietrich Adriana<\/p>\n<p>Se resolvi\u00f3: Su ingreso a COMISI\u00d3N DE DESARROLLO HUMANO Y FAMILIA<\/p>\n<p>-Expte: 48\/24<\/p>\n<p>PROYECTO DE ORDENANZA DE FONDOS\/ Adherir a la<br \/>\nLey N\u00ba 3396 y sus modificatorias, \u201cregularizaci\u00f3n dominial\u201d.<br \/>\nBloque J.S.R.N. &#8211; Cjal. Posse Martin<\/p>\n<p>Se resolvi\u00f3: Su ingreso a COMISI\u00d3N DE GOBIERNO<\/p>\n<p>-Expte: 49\/24<\/p>\n<p>PROYECTO DE ORDENANZA DE FONDOS\/ Adherir a la<br \/>\nLey N\u00ba 5527, \u201cr\u00e9gimen jur\u00eddico especial, escrituraci\u00f3n gratuita<br \/>\nviv. IPPV\u201d.<br \/>\nBloque J.S.R.N. &#8211; Cjal. Posse Martin<\/p>\n<p>Se resolvi\u00f3: Su ingreso a COMISI\u00d3N DE GOBIERNO<\/p>\n<p>-Expte: 47\/24<\/p>\n<p>PROYECTO DE ORDENANZA DE FONDOS\/ Adherir a la<br \/>\nLey N\u00ba 5245, \u201cpatrocinio y tutor\u00eda del deporte\u201d.<br \/>\nBloque J.S.R.N. &#8211; Cjal. Alvarez Karina<\/p>\n<p>Se resolvi\u00f3: Su ingreso a COMISI\u00d3N DE GOBIERNO<\/p>\n<p>-Expte: 51\/24<\/p>\n<p>PROYECTO DE ORDENANZA DE FONDO S\/ desafectar<br \/>\nespacio verde y reserva a parcela 03-1-J-032-09A<br \/>\nMunicipalidad \u2013 Dic. Desarrollo Territorial<\/p>\n<p>Se resolvi\u00f3: Su ingreso a COMISI\u00d3N DE GOBIERNO<\/p>\n<p>-Expte: 52\/24<\/p>\n<p>PROYECTO DE ORDENANZA DE FONDO S\/ desafectar<br \/>\nespacio verde y reserva a parcela 03-1-F-834-01<br \/>\nMunicipalidad &#8211; Dic. Desarrollo Territorial<\/p>\n<p>Se resolvi\u00f3: Su ingreso a COMISI\u00d3N DE GOBIERNO<\/p>\n<p>-Expte: 53\/24<\/p>\n<p>PROYECTO DE ORDENANZA DE FONDO S\/ Solicita<br \/>\nhomenajear a Ciudadanos Ilustres \u2013 Primeros Escribanos radicados en<br \/>\nCipolletti<br \/>\nBloque J.S.R.N. -Cjal. Alvarez Karina<\/p>\n<p>Se resolvi\u00f3: Su ingreso a COMISI\u00d3N DE GOBIERNO<\/p>\n<p>-Expte: 41\/24<\/p>\n<p>PROYECTO DE ORDENANZA DE FONDO S\/ Solicita<br \/>\nimplementar campa\u00f1a preventiva, s\/ los riesgos de las apuestas en<br \/>\nl\u00ednea, en ni\u00f1as, ni\u00f1os y adolescentes de nuestra ciudad<br \/>\nBloque Cambia Cipolletti-Cjal. Napoli Ana Maria<\/p>\n<p>Se resolvi\u00f3: Su ingreso a COMISI\u00d3N DE DESARROLLO HUMANO Y FAMILIA<\/p>\n<p>-Expte: 46\/24<\/p>\n<p>PROYECTO DE ORDENANZA DE FONDOS\/ plantas de<br \/>\ntratamientos de aguas residuales.<br \/>\nBloque Cambia Cipolletti-Cjal. Langowski Oscar<\/p>\n<p>Se resolvi\u00f3: Su ingreso a COMISI\u00d3N\u00a0 DE OBRAS Y SERVICIOS<br \/>\nP\u00daBLICOS, Y HACIENDA<\/p>\n<p>DESPACHOS DE COMISIONES PERMANENTES<\/p>\n<p>COMISI\u00d3N INTERNA: GOBIERNO<\/p>\n<p>-Expte: 03\/24<\/p>\n<p>PROYECTO DE ORDENANZA DE TR\u00c1MITES<\/p>\n<p>espacio verde Nomenclatura Catastral 03-1-H-069 con el Nombre \u201c<br \/>\nDon Enzo Martinetto\u201d.<\/p>\n<p>Se resolvi\u00f3: Se aconseja aprobar (por unanimidad)<\/p>\n<p>-Expte: 14\/24<\/p>\n<p>PROYECTO DE ORDENANZA DE TRAMITES\/ designarde<br \/>\nespacio publico Nomenclatura Catastral 03-1-H-063-01A con el<br \/>\nNombre \u201c DR. RAUL JOS\u00c8 ESTEBAN POMA\u201d.<\/p>\n<p>Se resolvi\u00f3: Se aconseja aprobar (por unanimidad<\/p>\n<p>&nbsp;<\/p>\n<p>&nbsp;<\/p>\n","protected":false},"excerpt":{"rendered":"<p>CONCEJO DELIBERANTE DE LA CIUDAD DE CIPOLLETTI Cipolletti, de 28 Junio 2024.- REUNI\u00d3N N\u00ba: 1075 SESI\u00d3N ORDINARIA N\u00ba: 1019 REFERENCIAS 1\u00b0 PUNTO): EXPEDIENTES SOBRE TABLAS 2\u00ba PUNTO): INFORMES DE ASUNTOS ENTRADOS A) COMUNICACIONES OFICIALES B) COMUNICACIONES GENERALES 3\u00b0 PUNTO): DESPACHOS DE COMISIONES PERMANENTES PRESIDENCIA DEL CONCEJO: KARINA ELIZABETH ALVAREZ SECRETARIO LEGISLATIVO: RODRIGO JULI\u00c1N IRIARTE SOBRE &hellip; <\/p>\n<p class=\"link-more\"><a href=\"https:\/\/www.cdcipolletti.gob.ar\/?p=2984\" class=\"more-link\">more<span class=\"screen-reader-text\"> &#8220;ORDEN DEL D\u00cdA DE LA SESI\u00d3N ORDINARIA DE MA\u00d1ANA VIERNES 28 DE JUNIO&#8221;<\/span><\/a><\/p>\n","protected":false},"author":3,"featured_media":2985,"comment_status":"closed","ping_status":"closed","sticky":false,"template":"","format":"standard","meta":[],"categories":[35],"tags":[],"_links":{"self":[{"href":"https:\/\/www.cdcipolletti.gob.ar\/index.php?rest_route=\/wp\/v2\/posts\/2984"}],"collection":[{"href":"https:\/\/www.cdcipolletti.gob.ar\/index.php?rest_route=\/wp\/v2\/posts"}],"about":[{"href":"https:\/\/www.cdcipolletti.gob.ar\/index.php?rest_route=\/wp\/v2\/types\/post"}],"author":[{"embeddable":true,"href":"https:\/\/www.cdcipolletti.gob.ar\/index.php?rest_route=\/wp\/v2\/users\/3"}],"replies":[{"embeddable":true,"href":"https:\/\/www.cdcipolletti.gob.ar\/index.php?rest_route=%2Fwp%2Fv2%2Fcomments&post=2984"}],"version-history":[{"count":1,"href":"https:\/\/www.cdcipolletti.gob.ar\/index.php?rest_route=\/wp\/v2\/posts\/2984\/revisions"}],"predecessor-version":[{"id":2986,"href":"https:\/\/www.cdcipolletti.gob.ar\/index.php?rest_route=\/wp\/v2\/posts\/2984\/revisions\/2986"}],"wp:featuredmedia":[{"embeddable":true,"href":"https:\/\/www.cdcipolletti.gob.ar\/index.php?rest_route=\/wp\/v2\/media\/2985"}],"wp:attachment":[{"href":"https:\/\/www.cdcipolletti.gob.ar\/index.php?rest_route=%2Fwp%2Fv2%2Fmedia&parent=2984"}],"wp:term":[{"taxonomy":"category","embeddable":true,"href":"https:\/\/www.cdcipolletti.gob.ar\/index.php?rest_route=%2Fwp%2Fv2%2Fcategories&post=2984"},{"taxonomy":"post_tag","embeddable":true,"href":"https:\/\/www.cdcipolletti.gob.ar\/index.php?rest_route=%2Fwp%2Fv2%2Ftags&post=2984"}],"curies":[{"name":"wp","href":"https:\/\/api.w.org\/{rel}","templated":true}]}}