{"id":2937,"date":"2024-04-20T10:37:20","date_gmt":"2024-04-20T13:37:20","guid":{"rendered":"https:\/\/www.cdcipolletti.gob.ar\/?p=2937"},"modified":"2024-04-20T10:37:20","modified_gmt":"2024-04-20T13:37:20","slug":"finalizaron-las-jornadas-desarrollo-local-para-el-ambito-municipal","status":"publish","type":"post","link":"https:\/\/www.cdcipolletti.gob.ar\/?p=2937","title":{"rendered":"FINALIZARON LAS JORNADAS DESARROLLO LOCAL PARA El \u00c1MBITO MUNICIPAL"},"content":{"rendered":"<p>Las Jornadas sobre Desarrollo Local para el \u00c1mbito Municipal organizadas por el Concejo Deliberante de Cipolletti, la Municipalidad de Cipolletti, la Fundaci\u00f3n Konrad Adenauer y el Centro de Investigaciones Aplicadas terminaron. Fueron dos d\u00edas intensos de perfeccionamiento en el Complejo Cultural.<\/p>\n<p>Funcionarios, Concejales, Municipales de Cipolletti, Cinco Saltos, General Fern\u00e1ndez Oro, Allen, General Roca, Senillosa, Cervantes, Ingeniero Huergo, Coronel Belisle, Choele Choel, Campo Grande, Neuqu\u00e9n, Plaza Huincul, entre otras localidades realizaron la capacitaci\u00f3n que por primera vez se realizaba en la zona.<\/p>\n<p>Los temas trabajados fueron: Optimizaci\u00f3n de Gesti\u00f3n Municipal, Identidad Municipal y su Comunicaci\u00f3n Eficaz, T\u00e9cnica Legislativa, Presupuesto Municipal, El Poder de la Comunicaci\u00f3n no Verbal y Desarrollo Local.<\/p>\n","protected":false},"excerpt":{"rendered":"<p>Las Jornadas sobre Desarrollo Local para el \u00c1mbito Municipal organizadas por el Concejo Deliberante de Cipolletti, la Municipalidad de Cipolletti, la Fundaci\u00f3n Konrad Adenauer y el Centro de Investigaciones Aplicadas terminaron. Fueron dos d\u00edas intensos de perfeccionamiento en el Complejo Cultural. Funcionarios, Concejales, Municipales de Cipolletti, Cinco Saltos, General Fern\u00e1ndez Oro, Allen, General Roca, Senillosa, &hellip; <\/p>\n<p class=\"link-more\"><a href=\"https:\/\/www.cdcipolletti.gob.ar\/?p=2937\" class=\"more-link\">more<span class=\"screen-reader-text\"> &#8220;FINALIZARON LAS JORNADAS DESARROLLO LOCAL PARA El \u00c1MBITO MUNICIPAL&#8221;<\/span><\/a><\/p>\n","protected":false},"author":3,"featured_media":2938,"comment_status":"closed","ping_status":"closed","sticky":false,"template":"","format":"standard","meta":[],"categories":[35],"tags":[],"_links":{"self":[{"href":"https:\/\/www.cdcipolletti.gob.ar\/index.php?rest_route=\/wp\/v2\/posts\/2937"}],"collection":[{"href":"https:\/\/www.cdcipolletti.gob.ar\/index.php?rest_route=\/wp\/v2\/posts"}],"about":[{"href":"https:\/\/www.cdcipolletti.gob.ar\/index.php?rest_route=\/wp\/v2\/types\/post"}],"author":[{"embeddable":true,"href":"https:\/\/www.cdcipolletti.gob.ar\/index.php?rest_route=\/wp\/v2\/users\/3"}],"replies":[{"embeddable":true,"href":"https:\/\/www.cdcipolletti.gob.ar\/index.php?rest_route=%2Fwp%2Fv2%2Fcomments&post=2937"}],"version-history":[{"count":1,"href":"https:\/\/www.cdcipolletti.gob.ar\/index.php?rest_route=\/wp\/v2\/posts\/2937\/revisions"}],"predecessor-version":[{"id":2939,"href":"https:\/\/www.cdcipolletti.gob.ar\/index.php?rest_route=\/wp\/v2\/posts\/2937\/revisions\/2939"}],"wp:featuredmedia":[{"embeddable":true,"href":"https:\/\/www.cdcipolletti.gob.ar\/index.php?rest_route=\/wp\/v2\/media\/2938"}],"wp:attachment":[{"href":"https:\/\/www.cdcipolletti.gob.ar\/index.php?rest_route=%2Fwp%2Fv2%2Fmedia&parent=2937"}],"wp:term":[{"taxonomy":"category","embeddable":true,"href":"https:\/\/www.cdcipolletti.gob.ar\/index.php?rest_route=%2Fwp%2Fv2%2Fcategories&post=2937"},{"taxonomy":"post_tag","embeddable":true,"href":"https:\/\/www.cdcipolletti.gob.ar\/index.php?rest_route=%2Fwp%2Fv2%2Ftags&post=2937"}],"curies":[{"name":"wp","href":"https:\/\/api.w.org\/{rel}","templated":true}]}}