{"id":2930,"date":"2024-03-27T17:09:34","date_gmt":"2024-03-27T20:09:34","guid":{"rendered":"https:\/\/www.cdcipolletti.gob.ar\/?p=2930"},"modified":"2024-03-27T17:09:34","modified_gmt":"2024-03-27T20:09:34","slug":"sesion-ordinaria-no-1016","status":"publish","type":"post","link":"https:\/\/www.cdcipolletti.gob.ar\/?p=2930","title":{"rendered":"SESI\u00d3N ORDINARIA N\u00ba 1016"},"content":{"rendered":"<p>Hoy mi\u00e9rcoles 27 de marzo a partir de las 09.00 hs. se llev\u00f3 adelante la Sesi\u00f3n Ordinaria n\u00b0 1016. Estuvo presente la Presidenta del Concejo Karina \u00c1lvarez, los Concejales Mart\u00edn Posse, Adriana Dietrich, Mar\u00eda Jos\u00e9 Manonelles, Ana Mar\u00eda Napoli y Oscar Langowski.<\/p>\n<p>Se aprob\u00f3:<\/p>\n<p>. Bloque Juntos Somos R\u00edo Negro- Proy. de Ordenanza: Adhesi\u00f3n a Ley Provincia R\u00edo Negro- N\u00b0 5669 \u201cRegularizaci\u00f3n a las actividades vinculadas al acopio, comercializaci\u00f3n y transporte de metales no ferrosos\u201d.<\/p>\n<p>. Municipalidad- Proyecto de Ordenanza: Sobre ordenamiento en roturas y\/o excavaciones en la v\u00eda p\u00fablica.<\/p>\n<p>. Municipalidad: Proy. Ord. de Fondo Modificaci\u00f3n C\u00f3digo Proced. de Faltas y Controvenciones.<\/p>\n<p>. Municipalidad: Proy. Ord. de Fondo Modificaci\u00f3n C\u00f3digo de Faltas.<\/p>\n<p>. Municipalidad: Proyecto de Ordenanza s\/modificaci\u00f3n Ord. de Fondo nro. 505\/23 Actualizaci\u00f3n valores Sistema de Estacionamiento Medido.<\/p>\n<p>. Municipalidad: Proyecto de Ordenanza s\/ Declarar emergencia vial y transporte.<\/p>\n<p>. Municipalidad: Eleva proyecto de Ordenanza ad Refer\u00e9ndum, sobre Pr\u00f3rroga en el Vencimiento Modelo de Taxi.<\/p>\n","protected":false},"excerpt":{"rendered":"<p>Hoy mi\u00e9rcoles 27 de marzo a partir de las 09.00 hs. se llev\u00f3 adelante la Sesi\u00f3n Ordinaria n\u00b0 1016. Estuvo presente la Presidenta del Concejo Karina \u00c1lvarez, los Concejales Mart\u00edn Posse, Adriana Dietrich, Mar\u00eda Jos\u00e9 Manonelles, Ana Mar\u00eda Napoli y Oscar Langowski. Se aprob\u00f3: . Bloque Juntos Somos R\u00edo Negro- Proy. de Ordenanza: Adhesi\u00f3n a &hellip; <\/p>\n<p class=\"link-more\"><a href=\"https:\/\/www.cdcipolletti.gob.ar\/?p=2930\" class=\"more-link\">more<span class=\"screen-reader-text\"> &#8220;SESI\u00d3N ORDINARIA N\u00ba 1016&#8221;<\/span><\/a><\/p>\n","protected":false},"author":3,"featured_media":2931,"comment_status":"closed","ping_status":"closed","sticky":false,"template":"","format":"standard","meta":[],"categories":[35],"tags":[],"_links":{"self":[{"href":"https:\/\/www.cdcipolletti.gob.ar\/index.php?rest_route=\/wp\/v2\/posts\/2930"}],"collection":[{"href":"https:\/\/www.cdcipolletti.gob.ar\/index.php?rest_route=\/wp\/v2\/posts"}],"about":[{"href":"https:\/\/www.cdcipolletti.gob.ar\/index.php?rest_route=\/wp\/v2\/types\/post"}],"author":[{"embeddable":true,"href":"https:\/\/www.cdcipolletti.gob.ar\/index.php?rest_route=\/wp\/v2\/users\/3"}],"replies":[{"embeddable":true,"href":"https:\/\/www.cdcipolletti.gob.ar\/index.php?rest_route=%2Fwp%2Fv2%2Fcomments&post=2930"}],"version-history":[{"count":1,"href":"https:\/\/www.cdcipolletti.gob.ar\/index.php?rest_route=\/wp\/v2\/posts\/2930\/revisions"}],"predecessor-version":[{"id":2932,"href":"https:\/\/www.cdcipolletti.gob.ar\/index.php?rest_route=\/wp\/v2\/posts\/2930\/revisions\/2932"}],"wp:featuredmedia":[{"embeddable":true,"href":"https:\/\/www.cdcipolletti.gob.ar\/index.php?rest_route=\/wp\/v2\/media\/2931"}],"wp:attachment":[{"href":"https:\/\/www.cdcipolletti.gob.ar\/index.php?rest_route=%2Fwp%2Fv2%2Fmedia&parent=2930"}],"wp:term":[{"taxonomy":"category","embeddable":true,"href":"https:\/\/www.cdcipolletti.gob.ar\/index.php?rest_route=%2Fwp%2Fv2%2Fcategories&post=2930"},{"taxonomy":"post_tag","embeddable":true,"href":"https:\/\/www.cdcipolletti.gob.ar\/index.php?rest_route=%2Fwp%2Fv2%2Ftags&post=2930"}],"curies":[{"name":"wp","href":"https:\/\/api.w.org\/{rel}","templated":true}]}}