{"id":2165,"date":"2023-06-30T12:05:30","date_gmt":"2023-06-30T15:05:30","guid":{"rendered":"https:\/\/www.cdcipolletti.gob.ar\/?p=2165"},"modified":"2023-06-30T12:15:30","modified_gmt":"2023-06-30T15:15:30","slug":"sesion-ordinaria-n-1007","status":"publish","type":"post","link":"https:\/\/www.cdcipolletti.gob.ar\/?p=2165","title":{"rendered":"SESI\u00d3N ORDINARIA N\u00b0 1007"},"content":{"rendered":"<p><em>Este viernes 30 de junio, desde las 9:15hs y en la Sala \u00c1stor Piazzolla del Complejo Cultural Cipolletti, los Concejales se reunieron en la Sesi\u00f3n presidida por Silvana Larralde y aprobaron un total de cinco proyectos, entre los que destaca el de recategorizaci\u00f3n de personal municipal de planta permanente.<\/em><\/p>\n<p>Del trabajo de Sesi\u00f3n particip\u00f3 todo el cuerpo de Concejales, integrado por Lorena Yensen, In\u00e9s Parra Mart\u00ednez (Bloque Juntos Somos R\u00edo Negro), Carlos Mart\u00ednez Larrea, Flavia Boschi (Bloque PRO &#8211; Cambia R\u00edo Negro) y Horacio Pierucci (Bloque Frente de Todos).<\/p>\n<hr \/>\n<p style=\"text-align: center;\"><strong>PROYECTOS PRESENTADOS<\/strong><\/p>\n<p>. Expte. N\u00ba 031\/23: PEM &#8211; Proyecto de Ordenanza de Fondo sobre Fideicomiso de la Red Argentina de Municipios frente al Cambio Clim\u00e1tico (RAMCC), Para su evaluaci\u00f3n.-<\/p>\n<p><strong>A Comisi\u00f3n de Gobierno y Hacienda. Aprobado por unanimidad<\/strong><\/p>\n<p>. Expte. N\u00b0 032\/23: Bloque Frente de Todos Concejal Horacio Pierucci &#8211; Proyecto de Ordenanza de Fondo sobre Implementaci\u00f3n \u201cCampa\u00f1a de concientizaci\u00f3n e instalaci\u00f3n de colilleros para filtros y colillas de cigarrillos.<\/p>\n<p><strong>A Comisi\u00f3n de Medio Ambiente. Aprobado por unanimidad<\/strong><\/p>\n<p>. Expte. N\u00b0 033\/23: Bloque Juntos Somos Rio Negro Concejal Lorena Yensen Proyecto de Ordenanza de Fondo sobre \u201cCreaci\u00f3n Programa de Becas Deportivas\u201d.<\/p>\n<p><strong>A Comisi\u00f3n de Desarrollo Humano y Familia y Hacienda. Aprobado por unanimidad<\/strong><\/p>\n<p>. Expte. N\u00b0 034\/23: Bloque Juntos Somos Rio Negro Concejal Lorena Yensen Proyecto de Ordenanza de Fondo sobre \u201cRetiro de cableado en desuso y\/o mal estado &#8211; Contaminaci\u00f3n visual\u201d.-<\/p>\n<p><strong>A Comisi\u00f3n de Medio Ambiente. Aprobado por unanimidad<\/strong><\/p>\n<p>. Expte. N\u00b0 35\/23: PEM &#8211; Dir. De Des. Territorial &#8211; Proyecto de Ordenanza de Tramite sobre \u201cDonaci\u00f3n Terreno para construcci\u00f3n de la sede a la Asociaci\u00f3n Civil de Enfermeros Alto Valle Oeste\u201d.-<\/p>\n<p><strong>A Comisi\u00f3n de Gobierno. Aprobado por unanimidad<\/strong><\/p>\n<p>. Expte. N\u00b0 36\/23: Bloque Frente de Todos Concejal Horacio Pierucci -Proyecto de Ordenanza de Fondo sobre Campa\u00f1a de concientizaci\u00f3n Lucha contra la violencia en el deporte infantil.<\/p>\n<p><strong>A Comisi\u00f3n de Des. Humano y Familia. Aprobado por unanimidad<\/strong><\/p>\n<p>. Expte. N\u00b0 37\/23: Bloque Juntos Somos Rio Negro Concejal Lorena Yensen Proyecto de Ordenanza de Fondo sobre Registro de inmuebles de alquiler temporario turistico en la ciudad de Cipolletti.<\/p>\n<p><strong>A Comisi\u00f3n de Gobierno. Aprobado por unanimidad<\/strong><\/p>\n<p>. Expte. N\u00b0 38\/23: Presidencia Concejo Deliberante Silvana Larralde \u2013 Proyecto de Ordenanza sobre Fijar porcentaje de lo recaudado en multas por alcoholemia con destino al Programa GIA.<\/p>\n<p><strong>A Comisi\u00f3n de Des. Humano y Familia y Hacienda. Aprobado por unanimidad<\/strong><\/p>\n<p>. Expte. N\u00b0 39\/23: Bloque Frente de Todos Concejal Horacio Pierucci &#8211; Proyecto de Ordenanza de Fondo sobre Plan de atencion para personas en situaci\u00f3n de calle.<\/p>\n<p style=\"text-align: left;\"><strong>A Comisi\u00f3n de Des. Humano y Familia y Hacienda. Aprobado por unanimidad<\/strong><\/p>\n<p>&nbsp;<\/p>\n<hr \/>\n<p style=\"text-align: center;\"><strong>DESPACHOS DE COMISI\u00d3N<\/strong><\/p>\n<p style=\"text-align: center;\"><strong>COMISI\u00d3N DESARROLLO HUMANO Y FAMILIA<\/strong><\/p>\n<p>. Expte. N\u00ba 030\/23: Bloque Frente de Todos Concejal Horacio Pierucci &#8211; Proyecto de Ordenanza de Fondo sobre Adhesi\u00f3n \u201c Ley Rio Negro N.\u00ba 5614 sistema de Protecci\u00f3n en situaci\u00f3n de Calle\u201d.<\/p>\n<p><strong>Aprobado por unanimidad<\/strong><\/p>\n<p>&nbsp;<\/p>\n<p style=\"text-align: center;\"><strong>COMISI\u00d3N DE HACIENDA<\/strong><\/p>\n<p>. Expte. N\u00b0 018\/23: Poder Ejecutivo Municipal &#8211; Cierre de Cuenta Ejercicios 2023.<\/p>\n<p><strong>Aprobado por unanimidad<\/strong><\/p>\n<p>&nbsp;<\/p>\n<p style=\"text-align: center;\"><strong>COMISI\u00d3N DE GOBIERNO<\/strong><\/p>\n<p>. Expte. N\u00ba 123\/22: Presidencia Concejo Deliberante Silvana Larralde \u2013 Proyecto de Ordenanza de Tramite sobre Designar a espacio verde con el nombre \u201cDon Enrique Zoppi\u201d.<\/p>\n<p><strong>Tratamiento aplazado para la pr\u00f3xima sesi\u00f3n por ausencia de familiares del homenajeado<\/strong><\/p>\n<p>. Expte. N\u00b0 019\/23: Poder Ejecutivo Municipal &#8211; Proyecto de Ordenanza de Tr\u00e1mite sobre recategorizaci\u00f3n personal de planta permanente.<\/p>\n<p>Para su tratamiento y votaci\u00f3n se hizo presente el Sindicato SOYEM<\/p>\n<p><strong>Aprobado por unanimidad<\/strong><\/p>\n<p>. Expte. N\u00ba 021\/23: Bloque Juntos Somos Rio Negro Concejal Lorena Yensen &#8211; Proyecto de Ordenanza de Fondo sobre adhesi\u00f3n Ley Nacional 27.709 \u201cLey Lucio\u201d.<\/p>\n<p><strong>Aprobado por unanimidad<\/strong><\/p>\n<p>. Expte. N\u00ba 025\/23: Bloque Juntos Somos Rio Negro Concejal Lorena Yensen &#8211; Proyecto de Ordenanza de Fondo sobre adhesi\u00f3n Ley Nacional 27.714 \u201cAlcohol cero al volante\u201d, y modificaci\u00f3n C\u00f3digo de Tr\u00e1nsito.<\/p>\n<p><strong>Aprobado por unanimidad<\/strong><\/p>\n<hr \/>\n<p>Algunas fotos de la Sesi\u00f3n:<\/p>\n<p><img loading=\"lazy\" class=\"alignnone size-medium wp-image-2166\" src=\"https:\/\/www.cdcipolletti.gob.ar\/wp-content\/uploads\/2023\/06\/DSC_8176-300x300.jpg\" alt=\"\" width=\"300\" height=\"300\" srcset=\"https:\/\/www.cdcipolletti.gob.ar\/wp-content\/uploads\/2023\/06\/DSC_8176-300x300.jpg 300w, https:\/\/www.cdcipolletti.gob.ar\/wp-content\/uploads\/2023\/06\/DSC_8176-150x150.jpg 150w, https:\/\/www.cdcipolletti.gob.ar\/wp-content\/uploads\/2023\/06\/DSC_8176-768x767.jpg 768w, https:\/\/www.cdcipolletti.gob.ar\/wp-content\/uploads\/2023\/06\/DSC_8176.jpg 1007w\" sizes=\"(max-width: 300px) 100vw, 300px\" \/> <img loading=\"lazy\" class=\"alignnone size-medium wp-image-2167\" src=\"https:\/\/www.cdcipolletti.gob.ar\/wp-content\/uploads\/2023\/06\/DSC_8208-300x300.jpg\" alt=\"\" width=\"300\" height=\"300\" srcset=\"https:\/\/www.cdcipolletti.gob.ar\/wp-content\/uploads\/2023\/06\/DSC_8208-300x300.jpg 300w, https:\/\/www.cdcipolletti.gob.ar\/wp-content\/uploads\/2023\/06\/DSC_8208-1024x1024.jpg 1024w, https:\/\/www.cdcipolletti.gob.ar\/wp-content\/uploads\/2023\/06\/DSC_8208-150x150.jpg 150w, https:\/\/www.cdcipolletti.gob.ar\/wp-content\/uploads\/2023\/06\/DSC_8208-768x767.jpg 768w, https:\/\/www.cdcipolletti.gob.ar\/wp-content\/uploads\/2023\/06\/DSC_8208.jpg 1078w\" sizes=\"(max-width: 300px) 100vw, 300px\" \/> <img loading=\"lazy\" class=\"alignnone size-medium wp-image-2168\" src=\"https:\/\/www.cdcipolletti.gob.ar\/wp-content\/uploads\/2023\/06\/DSC_8188-300x300.jpg\" alt=\"\" width=\"300\" height=\"300\" srcset=\"https:\/\/www.cdcipolletti.gob.ar\/wp-content\/uploads\/2023\/06\/DSC_8188-300x300.jpg 300w, https:\/\/www.cdcipolletti.gob.ar\/wp-content\/uploads\/2023\/06\/DSC_8188-1024x1024.jpg 1024w, https:\/\/www.cdcipolletti.gob.ar\/wp-content\/uploads\/2023\/06\/DSC_8188-150x150.jpg 150w, https:\/\/www.cdcipolletti.gob.ar\/wp-content\/uploads\/2023\/06\/DSC_8188-768x768.jpg 768w, https:\/\/www.cdcipolletti.gob.ar\/wp-content\/uploads\/2023\/06\/DSC_8188.jpg 1057w\" sizes=\"(max-width: 300px) 100vw, 300px\" \/> <img loading=\"lazy\" class=\"alignnone size-medium wp-image-2169\" src=\"https:\/\/www.cdcipolletti.gob.ar\/wp-content\/uploads\/2023\/06\/DSC_8135-300x300.jpg\" alt=\"\" width=\"300\" height=\"300\" srcset=\"https:\/\/www.cdcipolletti.gob.ar\/wp-content\/uploads\/2023\/06\/DSC_8135-300x300.jpg 300w, https:\/\/www.cdcipolletti.gob.ar\/wp-content\/uploads\/2023\/06\/DSC_8135-1024x1024.jpg 1024w, https:\/\/www.cdcipolletti.gob.ar\/wp-content\/uploads\/2023\/06\/DSC_8135-150x150.jpg 150w, https:\/\/www.cdcipolletti.gob.ar\/wp-content\/uploads\/2023\/06\/DSC_8135-768x767.jpg 768w, https:\/\/www.cdcipolletti.gob.ar\/wp-content\/uploads\/2023\/06\/DSC_8135.jpg 1050w\" sizes=\"(max-width: 300px) 100vw, 300px\" \/> <img loading=\"lazy\" class=\"alignnone size-medium wp-image-2170\" src=\"https:\/\/www.cdcipolletti.gob.ar\/wp-content\/uploads\/2023\/06\/DSC_8172-300x300.jpg\" alt=\"\" width=\"300\" height=\"300\" srcset=\"https:\/\/www.cdcipolletti.gob.ar\/wp-content\/uploads\/2023\/06\/DSC_8172-300x300.jpg 300w, https:\/\/www.cdcipolletti.gob.ar\/wp-content\/uploads\/2023\/06\/DSC_8172-1024x1024.jpg 1024w, https:\/\/www.cdcipolletti.gob.ar\/wp-content\/uploads\/2023\/06\/DSC_8172-150x150.jpg 150w, https:\/\/www.cdcipolletti.gob.ar\/wp-content\/uploads\/2023\/06\/DSC_8172-768x767.jpg 768w, https:\/\/www.cdcipolletti.gob.ar\/wp-content\/uploads\/2023\/06\/DSC_8172.jpg 1076w\" sizes=\"(max-width: 300px) 100vw, 300px\" \/> <img loading=\"lazy\" class=\"alignnone size-medium wp-image-2171\" src=\"https:\/\/www.cdcipolletti.gob.ar\/wp-content\/uploads\/2023\/06\/DSC_8218-300x300.jpg\" alt=\"\" width=\"300\" height=\"300\" srcset=\"https:\/\/www.cdcipolletti.gob.ar\/wp-content\/uploads\/2023\/06\/DSC_8218-300x300.jpg 300w, https:\/\/www.cdcipolletti.gob.ar\/wp-content\/uploads\/2023\/06\/DSC_8218-150x150.jpg 150w, https:\/\/www.cdcipolletti.gob.ar\/wp-content\/uploads\/2023\/06\/DSC_8218-768x768.jpg 768w, https:\/\/www.cdcipolletti.gob.ar\/wp-content\/uploads\/2023\/06\/DSC_8218.jpg 1023w\" sizes=\"(max-width: 300px) 100vw, 300px\" \/> <img loading=\"lazy\" class=\"alignnone size-medium wp-image-2172\" src=\"https:\/\/www.cdcipolletti.gob.ar\/wp-content\/uploads\/2023\/06\/DSC_8186-300x300.jpg\" alt=\"\" width=\"300\" height=\"300\" srcset=\"https:\/\/www.cdcipolletti.gob.ar\/wp-content\/uploads\/2023\/06\/DSC_8186-300x300.jpg 300w, https:\/\/www.cdcipolletti.gob.ar\/wp-content\/uploads\/2023\/06\/DSC_8186-1024x1024.jpg 1024w, https:\/\/www.cdcipolletti.gob.ar\/wp-content\/uploads\/2023\/06\/DSC_8186-150x150.jpg 150w, https:\/\/www.cdcipolletti.gob.ar\/wp-content\/uploads\/2023\/06\/DSC_8186-768x768.jpg 768w, https:\/\/www.cdcipolletti.gob.ar\/wp-content\/uploads\/2023\/06\/DSC_8186.jpg 1034w\" sizes=\"(max-width: 300px) 100vw, 300px\" \/> <img loading=\"lazy\" class=\"alignnone size-medium wp-image-2173\" src=\"https:\/\/www.cdcipolletti.gob.ar\/wp-content\/uploads\/2023\/06\/DSC_8144-300x300.jpg\" alt=\"\" width=\"300\" height=\"300\" srcset=\"https:\/\/www.cdcipolletti.gob.ar\/wp-content\/uploads\/2023\/06\/DSC_8144-300x300.jpg 300w, https:\/\/www.cdcipolletti.gob.ar\/wp-content\/uploads\/2023\/06\/DSC_8144-1024x1024.jpg 1024w, https:\/\/www.cdcipolletti.gob.ar\/wp-content\/uploads\/2023\/06\/DSC_8144-150x150.jpg 150w, https:\/\/www.cdcipolletti.gob.ar\/wp-content\/uploads\/2023\/06\/DSC_8144-768x768.jpg 768w, https:\/\/www.cdcipolletti.gob.ar\/wp-content\/uploads\/2023\/06\/DSC_8144.jpg 1054w\" sizes=\"(max-width: 300px) 100vw, 300px\" \/> <img loading=\"lazy\" class=\"alignnone size-medium wp-image-2174\" src=\"https:\/\/www.cdcipolletti.gob.ar\/wp-content\/uploads\/2023\/06\/DSC_8153-300x300.jpg\" alt=\"\" width=\"300\" height=\"300\" srcset=\"https:\/\/www.cdcipolletti.gob.ar\/wp-content\/uploads\/2023\/06\/DSC_8153-300x300.jpg 300w, https:\/\/www.cdcipolletti.gob.ar\/wp-content\/uploads\/2023\/06\/DSC_8153-150x150.jpg 150w, https:\/\/www.cdcipolletti.gob.ar\/wp-content\/uploads\/2023\/06\/DSC_8153-768x768.jpg 768w, https:\/\/www.cdcipolletti.gob.ar\/wp-content\/uploads\/2023\/06\/DSC_8153.jpg 960w\" sizes=\"(max-width: 300px) 100vw, 300px\" \/> <img loading=\"lazy\" class=\"alignnone size-medium wp-image-2175\" src=\"https:\/\/www.cdcipolletti.gob.ar\/wp-content\/uploads\/2023\/06\/DSC_8174-169x300.jpg\" alt=\"\" width=\"169\" height=\"300\" srcset=\"https:\/\/www.cdcipolletti.gob.ar\/wp-content\/uploads\/2023\/06\/DSC_8174-169x300.jpg 169w, https:\/\/www.cdcipolletti.gob.ar\/wp-content\/uploads\/2023\/06\/DSC_8174-577x1024.jpg 577w, https:\/\/www.cdcipolletti.gob.ar\/wp-content\/uploads\/2023\/06\/DSC_8174-768x1364.jpg 768w, https:\/\/www.cdcipolletti.gob.ar\/wp-content\/uploads\/2023\/06\/DSC_8174-865x1536.jpg 865w, https:\/\/www.cdcipolletti.gob.ar\/wp-content\/uploads\/2023\/06\/DSC_8174.jpg 897w\" sizes=\"(max-width: 169px) 100vw, 169px\" \/> <img loading=\"lazy\" class=\"alignnone size-medium wp-image-2176\" src=\"https:\/\/www.cdcipolletti.gob.ar\/wp-content\/uploads\/2023\/06\/DSC_8204-300x300.jpg\" alt=\"\" width=\"300\" height=\"300\" srcset=\"https:\/\/www.cdcipolletti.gob.ar\/wp-content\/uploads\/2023\/06\/DSC_8204-300x300.jpg 300w, https:\/\/www.cdcipolletti.gob.ar\/wp-content\/uploads\/2023\/06\/DSC_8204-1024x1024.jpg 1024w, https:\/\/www.cdcipolletti.gob.ar\/wp-content\/uploads\/2023\/06\/DSC_8204-150x150.jpg 150w, https:\/\/www.cdcipolletti.gob.ar\/wp-content\/uploads\/2023\/06\/DSC_8204-768x768.jpg 768w, https:\/\/www.cdcipolletti.gob.ar\/wp-content\/uploads\/2023\/06\/DSC_8204.jpg 1058w\" sizes=\"(max-width: 300px) 100vw, 300px\" \/> <img loading=\"lazy\" class=\"alignnone size-medium wp-image-2177\" src=\"https:\/\/www.cdcipolletti.gob.ar\/wp-content\/uploads\/2023\/06\/DSC_8113-300x300.jpg\" alt=\"\" width=\"300\" height=\"300\" srcset=\"https:\/\/www.cdcipolletti.gob.ar\/wp-content\/uploads\/2023\/06\/DSC_8113-300x300.jpg 300w, https:\/\/www.cdcipolletti.gob.ar\/wp-content\/uploads\/2023\/06\/DSC_8113-1024x1024.jpg 1024w, https:\/\/www.cdcipolletti.gob.ar\/wp-content\/uploads\/2023\/06\/DSC_8113-150x150.jpg 150w, https:\/\/www.cdcipolletti.gob.ar\/wp-content\/uploads\/2023\/06\/DSC_8113-768x768.jpg 768w, https:\/\/www.cdcipolletti.gob.ar\/wp-content\/uploads\/2023\/06\/DSC_8113.jpg 1078w\" sizes=\"(max-width: 300px) 100vw, 300px\" \/> <img loading=\"lazy\" class=\"alignnone size-medium wp-image-2178\" src=\"https:\/\/www.cdcipolletti.gob.ar\/wp-content\/uploads\/2023\/06\/DSC_8122-300x300.jpg\" alt=\"\" width=\"300\" height=\"300\" srcset=\"https:\/\/www.cdcipolletti.gob.ar\/wp-content\/uploads\/2023\/06\/DSC_8122-300x300.jpg 300w, https:\/\/www.cdcipolletti.gob.ar\/wp-content\/uploads\/2023\/06\/DSC_8122-1024x1024.jpg 1024w, https:\/\/www.cdcipolletti.gob.ar\/wp-content\/uploads\/2023\/06\/DSC_8122-150x150.jpg 150w, https:\/\/www.cdcipolletti.gob.ar\/wp-content\/uploads\/2023\/06\/DSC_8122-768x768.jpg 768w, https:\/\/www.cdcipolletti.gob.ar\/wp-content\/uploads\/2023\/06\/DSC_8122.jpg 1080w\" sizes=\"(max-width: 300px) 100vw, 300px\" \/> <img loading=\"lazy\" class=\"alignnone size-medium wp-image-2179\" src=\"https:\/\/www.cdcipolletti.gob.ar\/wp-content\/uploads\/2023\/06\/DSC_8164-300x300.jpg\" alt=\"\" width=\"300\" height=\"300\" srcset=\"https:\/\/www.cdcipolletti.gob.ar\/wp-content\/uploads\/2023\/06\/DSC_8164-300x300.jpg 300w, https:\/\/www.cdcipolletti.gob.ar\/wp-content\/uploads\/2023\/06\/DSC_8164-1024x1024.jpg 1024w, https:\/\/www.cdcipolletti.gob.ar\/wp-content\/uploads\/2023\/06\/DSC_8164-150x150.jpg 150w, https:\/\/www.cdcipolletti.gob.ar\/wp-content\/uploads\/2023\/06\/DSC_8164-768x768.jpg 768w, https:\/\/www.cdcipolletti.gob.ar\/wp-content\/uploads\/2023\/06\/DSC_8164.jpg 1059w\" sizes=\"(max-width: 300px) 100vw, 300px\" \/> <img loading=\"lazy\" class=\"alignnone size-medium wp-image-2180\" src=\"https:\/\/www.cdcipolletti.gob.ar\/wp-content\/uploads\/2023\/06\/DSC_8198-169x300.jpg\" alt=\"\" width=\"169\" height=\"300\" srcset=\"https:\/\/www.cdcipolletti.gob.ar\/wp-content\/uploads\/2023\/06\/DSC_8198-169x300.jpg 169w, https:\/\/www.cdcipolletti.gob.ar\/wp-content\/uploads\/2023\/06\/DSC_8198-576x1024.jpg 576w, https:\/\/www.cdcipolletti.gob.ar\/wp-content\/uploads\/2023\/06\/DSC_8198-768x1365.jpg 768w, https:\/\/www.cdcipolletti.gob.ar\/wp-content\/uploads\/2023\/06\/DSC_8198-864x1536.jpg 864w, https:\/\/www.cdcipolletti.gob.ar\/wp-content\/uploads\/2023\/06\/DSC_8198.jpg 892w\" sizes=\"(max-width: 169px) 100vw, 169px\" \/> <img loading=\"lazy\" class=\"alignnone size-medium wp-image-2181\" src=\"https:\/\/www.cdcipolletti.gob.ar\/wp-content\/uploads\/2023\/06\/DSC_8168-300x300.jpg\" alt=\"\" width=\"300\" height=\"300\" srcset=\"https:\/\/www.cdcipolletti.gob.ar\/wp-content\/uploads\/2023\/06\/DSC_8168-300x300.jpg 300w, https:\/\/www.cdcipolletti.gob.ar\/wp-content\/uploads\/2023\/06\/DSC_8168-1024x1024.jpg 1024w, https:\/\/www.cdcipolletti.gob.ar\/wp-content\/uploads\/2023\/06\/DSC_8168-150x150.jpg 150w, https:\/\/www.cdcipolletti.gob.ar\/wp-content\/uploads\/2023\/06\/DSC_8168-768x768.jpg 768w, https:\/\/www.cdcipolletti.gob.ar\/wp-content\/uploads\/2023\/06\/DSC_8168.jpg 1077w\" sizes=\"(max-width: 300px) 100vw, 300px\" \/> <img loading=\"lazy\" class=\"alignnone size-medium wp-image-2182\" src=\"https:\/\/www.cdcipolletti.gob.ar\/wp-content\/uploads\/2023\/06\/DSC_8190-300x300.jpg\" alt=\"\" width=\"300\" height=\"300\" srcset=\"https:\/\/www.cdcipolletti.gob.ar\/wp-content\/uploads\/2023\/06\/DSC_8190-300x300.jpg 300w, https:\/\/www.cdcipolletti.gob.ar\/wp-content\/uploads\/2023\/06\/DSC_8190-1024x1024.jpg 1024w, https:\/\/www.cdcipolletti.gob.ar\/wp-content\/uploads\/2023\/06\/DSC_8190-150x150.jpg 150w, https:\/\/www.cdcipolletti.gob.ar\/wp-content\/uploads\/2023\/06\/DSC_8190-768x767.jpg 768w, https:\/\/www.cdcipolletti.gob.ar\/wp-content\/uploads\/2023\/06\/DSC_8190.jpg 1075w\" sizes=\"(max-width: 300px) 100vw, 300px\" \/><\/p>\n","protected":false},"excerpt":{"rendered":"<p>Este viernes 30 de junio, desde las 9:15hs y en la Sala \u00c1stor Piazzolla del Complejo Cultural Cipolletti, los Concejales se reunieron en la Sesi\u00f3n presidida por Silvana Larralde y aprobaron un total de cinco proyectos, entre los que destaca el de recategorizaci\u00f3n de personal municipal de planta permanente. Del trabajo de Sesi\u00f3n particip\u00f3 todo &hellip; <\/p>\n<p class=\"link-more\"><a href=\"https:\/\/www.cdcipolletti.gob.ar\/?p=2165\" class=\"more-link\">more<span class=\"screen-reader-text\"> &#8220;SESI\u00d3N ORDINARIA N\u00b0 1007&#8221;<\/span><\/a><\/p>\n","protected":false},"author":5,"featured_media":2181,"comment_status":"closed","ping_status":"closed","sticky":false,"template":"","format":"standard","meta":[],"categories":[1],"tags":[37,39,40,38],"_links":{"self":[{"href":"https:\/\/www.cdcipolletti.gob.ar\/index.php?rest_route=\/wp\/v2\/posts\/2165"}],"collection":[{"href":"https:\/\/www.cdcipolletti.gob.ar\/index.php?rest_route=\/wp\/v2\/posts"}],"about":[{"href":"https:\/\/www.cdcipolletti.gob.ar\/index.php?rest_route=\/wp\/v2\/types\/post"}],"author":[{"embeddable":true,"href":"https:\/\/www.cdcipolletti.gob.ar\/index.php?rest_route=\/wp\/v2\/users\/5"}],"replies":[{"embeddable":true,"href":"https:\/\/www.cdcipolletti.gob.ar\/index.php?rest_route=%2Fwp%2Fv2%2Fcomments&post=2165"}],"version-history":[{"count":3,"href":"https:\/\/www.cdcipolletti.gob.ar\/index.php?rest_route=\/wp\/v2\/posts\/2165\/revisions"}],"predecessor-version":[{"id":2185,"href":"https:\/\/www.cdcipolletti.gob.ar\/index.php?rest_route=\/wp\/v2\/posts\/2165\/revisions\/2185"}],"wp:featuredmedia":[{"embeddable":true,"href":"https:\/\/www.cdcipolletti.gob.ar\/index.php?rest_route=\/wp\/v2\/media\/2181"}],"wp:attachment":[{"href":"https:\/\/www.cdcipolletti.gob.ar\/index.php?rest_route=%2Fwp%2Fv2%2Fmedia&parent=2165"}],"wp:term":[{"taxonomy":"category","embeddable":true,"href":"https:\/\/www.cdcipolletti.gob.ar\/index.php?rest_route=%2Fwp%2Fv2%2Fcategories&post=2165"},{"taxonomy":"post_tag","embeddable":true,"href":"https:\/\/www.cdcipolletti.gob.ar\/index.php?rest_route=%2Fwp%2Fv2%2Ftags&post=2165"}],"curies":[{"name":"wp","href":"https:\/\/api.w.org\/{rel}","templated":true}]}}