{"id":1956,"date":"2023-04-05T13:10:31","date_gmt":"2023-04-05T16:10:31","guid":{"rendered":"https:\/\/www.cipolletti.gob.ar\/cdcipolletti\/?p=1956"},"modified":"2023-04-05T13:10:31","modified_gmt":"2023-04-05T16:10:31","slug":"comision-de-desarrollo-humano-y-familia-3","status":"publish","type":"post","link":"https:\/\/www.cdcipolletti.gob.ar\/?p=1956","title":{"rendered":"COMISI\u00d3N DE DESARROLLO HUMANO Y FAMILIA"},"content":{"rendered":"<p>Este mi\u00e9rcoles 5 de abril, desde las 8:45hs y en la Sala de Reuniones, los Concejales dieron cinco despachos favorables en la Comisi\u00f3n que preside Flavia Boschi.<\/p>\n<p>De la misma formaron parte la Presidenta del Concejo Deliberante, Silvana Larralde, y los Concejales In\u00e9s Parra Mart\u00ednez (Juntos Somos R\u00edo Negro), Horacio Pierucci (Frente de Todos) y Carlos Mart\u00ednez Larrea (PRO &#8211; Cambia R\u00edo Negro).<\/p>\n<hr \/>\n<p style=\"text-align: center;\"><strong>ASUNTOS A TRATAR<\/strong><\/p>\n<p>. N\u00b0115\/22: Proy de ordenanza de fondo sobre Creaci\u00f3n de Programa de \u201cCapacitaci\u00f3n para l\u00edderes deportivos\u201d.<\/p>\n<p>Invitados: Liliana Artola y Juan Manuel Villegas (Secretar\u00eda de Deportes)<\/p>\n<p><strong>Despacho favorable por unanimidad<\/strong><\/p>\n<p><img loading=\"lazy\" class=\"size-medium wp-image-1965 aligncenter\" src=\"https:\/\/www.cipolletti.gob.ar\/cdcipolletti\/wp-content\/uploads\/2023\/04\/1680709947512-300x300.jpg\" alt=\"\" width=\"300\" height=\"300\" srcset=\"https:\/\/www.cdcipolletti.gob.ar\/wp-content\/uploads\/2023\/04\/1680709947512-300x300.jpg 300w, https:\/\/www.cdcipolletti.gob.ar\/wp-content\/uploads\/2023\/04\/1680709947512-150x150.jpg 150w, https:\/\/www.cdcipolletti.gob.ar\/wp-content\/uploads\/2023\/04\/1680709947512-768x769.jpg 768w, https:\/\/www.cdcipolletti.gob.ar\/wp-content\/uploads\/2023\/04\/1680709947512.jpg 975w\" sizes=\"(max-width: 300px) 100vw, 300px\" \/><img loading=\"lazy\" class=\"size-medium wp-image-1977 aligncenter\" src=\"https:\/\/www.cipolletti.gob.ar\/cdcipolletti\/wp-content\/uploads\/2023\/04\/1680709853050-300x300.jpg\" alt=\"\" width=\"300\" height=\"300\" srcset=\"https:\/\/www.cdcipolletti.gob.ar\/wp-content\/uploads\/2023\/04\/1680709853050-300x300.jpg 300w, https:\/\/www.cdcipolletti.gob.ar\/wp-content\/uploads\/2023\/04\/1680709853050-1024x1024.jpg 1024w, https:\/\/www.cdcipolletti.gob.ar\/wp-content\/uploads\/2023\/04\/1680709853050-150x150.jpg 150w, https:\/\/www.cdcipolletti.gob.ar\/wp-content\/uploads\/2023\/04\/1680709853050-768x768.jpg 768w, https:\/\/www.cdcipolletti.gob.ar\/wp-content\/uploads\/2023\/04\/1680709853050.jpg 1072w\" sizes=\"(max-width: 300px) 100vw, 300px\" \/><\/p>\n<p>. N\u00b009\/23: Proyecto de ordenanza sobre adhesi\u00f3n a la ley N\u00ba 5257, que adhiere a la ley nacional N\u00ba 27.360, que aprueba la convenci\u00f3n interamericana sobre la protecci\u00f3n de las personas mayores.<\/p>\n<p>Invitadas: Andrea Painevilu (Directora de Pol\u00edticas para Personas Mayores) y Viviana Pereira (Secretaria de Desarrollo Humano y Promoci\u00f3n Comunitaria)<\/p>\n<p><strong>Despacho favorable por unanimidad<\/strong><\/p>\n<p><img loading=\"lazy\" class=\"alignnone size-medium wp-image-1978\" src=\"https:\/\/www.cipolletti.gob.ar\/cdcipolletti\/wp-content\/uploads\/2023\/04\/1680709818835-300x300.jpg\" alt=\"\" width=\"300\" height=\"300\" srcset=\"https:\/\/www.cdcipolletti.gob.ar\/wp-content\/uploads\/2023\/04\/1680709818835-300x300.jpg 300w, https:\/\/www.cdcipolletti.gob.ar\/wp-content\/uploads\/2023\/04\/1680709818835-150x150.jpg 150w, https:\/\/www.cdcipolletti.gob.ar\/wp-content\/uploads\/2023\/04\/1680709818835-768x768.jpg 768w, https:\/\/www.cdcipolletti.gob.ar\/wp-content\/uploads\/2023\/04\/1680709818835.jpg 899w\" sizes=\"(max-width: 300px) 100vw, 300px\" \/> <img loading=\"lazy\" class=\"alignnone size-medium wp-image-1975\" src=\"https:\/\/www.cipolletti.gob.ar\/cdcipolletti\/wp-content\/uploads\/2023\/04\/1680709752317-300x300.jpg\" alt=\"\" width=\"300\" height=\"300\" srcset=\"https:\/\/www.cdcipolletti.gob.ar\/wp-content\/uploads\/2023\/04\/1680709752317-300x300.jpg 300w, https:\/\/www.cdcipolletti.gob.ar\/wp-content\/uploads\/2023\/04\/1680709752317-1024x1024.jpg 1024w, https:\/\/www.cdcipolletti.gob.ar\/wp-content\/uploads\/2023\/04\/1680709752317-150x150.jpg 150w, https:\/\/www.cdcipolletti.gob.ar\/wp-content\/uploads\/2023\/04\/1680709752317-768x769.jpg 768w, https:\/\/www.cdcipolletti.gob.ar\/wp-content\/uploads\/2023\/04\/1680709752317.jpg 1065w\" sizes=\"(max-width: 300px) 100vw, 300px\" \/> <img loading=\"lazy\" class=\"alignnone size-medium wp-image-1960\" src=\"https:\/\/www.cipolletti.gob.ar\/cdcipolletti\/wp-content\/uploads\/2023\/04\/1680709766245-300x300.jpg\" alt=\"\" width=\"300\" height=\"300\" srcset=\"https:\/\/www.cdcipolletti.gob.ar\/wp-content\/uploads\/2023\/04\/1680709766245-300x300.jpg 300w, https:\/\/www.cdcipolletti.gob.ar\/wp-content\/uploads\/2023\/04\/1680709766245-1024x1024.jpg 1024w, https:\/\/www.cdcipolletti.gob.ar\/wp-content\/uploads\/2023\/04\/1680709766245-150x150.jpg 150w, https:\/\/www.cdcipolletti.gob.ar\/wp-content\/uploads\/2023\/04\/1680709766245-768x768.jpg 768w, https:\/\/www.cdcipolletti.gob.ar\/wp-content\/uploads\/2023\/04\/1680709766245.jpg 1050w\" sizes=\"(max-width: 300px) 100vw, 300px\" \/> <img loading=\"lazy\" class=\"alignnone size-medium wp-image-1976\" src=\"https:\/\/www.cipolletti.gob.ar\/cdcipolletti\/wp-content\/uploads\/2023\/04\/1680709620200-300x300.jpg\" alt=\"\" width=\"300\" height=\"300\" srcset=\"https:\/\/www.cdcipolletti.gob.ar\/wp-content\/uploads\/2023\/04\/1680709620200-300x300.jpg 300w, https:\/\/www.cdcipolletti.gob.ar\/wp-content\/uploads\/2023\/04\/1680709620200-1024x1024.jpg 1024w, https:\/\/www.cdcipolletti.gob.ar\/wp-content\/uploads\/2023\/04\/1680709620200-150x150.jpg 150w, https:\/\/www.cdcipolletti.gob.ar\/wp-content\/uploads\/2023\/04\/1680709620200-768x768.jpg 768w, https:\/\/www.cdcipolletti.gob.ar\/wp-content\/uploads\/2023\/04\/1680709620200.jpg 1080w\" sizes=\"(max-width: 300px) 100vw, 300px\" \/> <img loading=\"lazy\" class=\"alignnone size-medium wp-image-1972\" src=\"https:\/\/www.cipolletti.gob.ar\/cdcipolletti\/wp-content\/uploads\/2023\/04\/1680710285313-300x300.jpg\" alt=\"\" width=\"300\" height=\"300\" srcset=\"https:\/\/www.cdcipolletti.gob.ar\/wp-content\/uploads\/2023\/04\/1680710285313-300x300.jpg 300w, https:\/\/www.cdcipolletti.gob.ar\/wp-content\/uploads\/2023\/04\/1680710285313-1024x1024.jpg 1024w, https:\/\/www.cdcipolletti.gob.ar\/wp-content\/uploads\/2023\/04\/1680710285313-150x150.jpg 150w, https:\/\/www.cdcipolletti.gob.ar\/wp-content\/uploads\/2023\/04\/1680710285313-768x768.jpg 768w, https:\/\/www.cdcipolletti.gob.ar\/wp-content\/uploads\/2023\/04\/1680710285313.jpg 1080w\" sizes=\"(max-width: 300px) 100vw, 300px\" \/> <img loading=\"lazy\" class=\"alignnone size-medium wp-image-1974\" src=\"https:\/\/www.cipolletti.gob.ar\/cdcipolletti\/wp-content\/uploads\/2023\/04\/1680709637458-300x200.jpg\" alt=\"\" width=\"300\" height=\"200\" srcset=\"https:\/\/www.cdcipolletti.gob.ar\/wp-content\/uploads\/2023\/04\/1680709637458-300x200.jpg 300w, https:\/\/www.cdcipolletti.gob.ar\/wp-content\/uploads\/2023\/04\/1680709637458-1024x683.jpg 1024w, https:\/\/www.cdcipolletti.gob.ar\/wp-content\/uploads\/2023\/04\/1680709637458-768x512.jpg 768w, https:\/\/www.cdcipolletti.gob.ar\/wp-content\/uploads\/2023\/04\/1680709637458-1536x1024.jpg 1536w, https:\/\/www.cdcipolletti.gob.ar\/wp-content\/uploads\/2023\/04\/1680709637458.jpg 1620w\" sizes=\"(max-width: 300px) 100vw, 300px\" \/><\/p>\n<p>. N\u00b006\/23: Proy de Declaraci\u00f3n, sobre \u201cDeclarar de Inter\u00e9s Municipal, el proyecto institucional origen e identidad 50 aniversario de la Escuela Especial N\u00ba 4.<\/p>\n<p><strong>Despacho favorable por unanimidad<\/strong><\/p>\n<p>. N\u00b008\/23: Proy de Declaraci\u00f3n, sobre \u201cDeclarar de Inter\u00e9s Municipal, Curso Intensivo desde la mirada de la atenci\u00f3n temprana&#8221;<\/p>\n<p>Invitada: Ana Rosemberg y su hijo Josu\u00e9<\/p>\n<p><strong>Despacho favorable por unanimidad<\/strong><\/p>\n<p><img loading=\"lazy\" class=\"size-medium wp-image-1961 aligncenter\" src=\"https:\/\/www.cipolletti.gob.ar\/cdcipolletti\/wp-content\/uploads\/2023\/04\/1680709718321-300x300.jpg\" alt=\"\" width=\"300\" height=\"300\" srcset=\"https:\/\/www.cdcipolletti.gob.ar\/wp-content\/uploads\/2023\/04\/1680709718321-300x300.jpg 300w, https:\/\/www.cdcipolletti.gob.ar\/wp-content\/uploads\/2023\/04\/1680709718321-1024x1024.jpg 1024w, https:\/\/www.cdcipolletti.gob.ar\/wp-content\/uploads\/2023\/04\/1680709718321-150x150.jpg 150w, https:\/\/www.cdcipolletti.gob.ar\/wp-content\/uploads\/2023\/04\/1680709718321-768x768.jpg 768w, https:\/\/www.cdcipolletti.gob.ar\/wp-content\/uploads\/2023\/04\/1680709718321.jpg 1080w\" sizes=\"(max-width: 300px) 100vw, 300px\" \/><\/p>\n<p>. N\u00b012\/23: Proy de Declaraci\u00f3n, sobre \u201cDeclarar de Inter\u00e9s Municipal, la conferencia eclesi\u00e1stica anual de pastores&#8221;<\/p>\n<p>Invitado: Pastor Daniel Espinosa<\/p>\n<p><strong>Despacho favorable por unanimidad<\/strong><\/p>\n<p><img loading=\"lazy\" class=\"size-medium wp-image-1971 aligncenter\" src=\"https:\/\/www.cipolletti.gob.ar\/cdcipolletti\/wp-content\/uploads\/2023\/04\/1680709663159-300x300.jpg\" alt=\"\" width=\"300\" height=\"300\" srcset=\"https:\/\/www.cdcipolletti.gob.ar\/wp-content\/uploads\/2023\/04\/1680709663159-300x300.jpg 300w, https:\/\/www.cdcipolletti.gob.ar\/wp-content\/uploads\/2023\/04\/1680709663159-150x150.jpg 150w, https:\/\/www.cdcipolletti.gob.ar\/wp-content\/uploads\/2023\/04\/1680709663159-768x769.jpg 768w, https:\/\/www.cdcipolletti.gob.ar\/wp-content\/uploads\/2023\/04\/1680709663159.jpg 979w\" sizes=\"(max-width: 300px) 100vw, 300px\" \/><\/p>\n<hr \/>\n<p>Algunas fotos de la Comisi\u00f3n:<\/p>\n<p><img loading=\"lazy\" class=\"alignnone size-medium wp-image-1959\" src=\"https:\/\/www.cipolletti.gob.ar\/cdcipolletti\/wp-content\/uploads\/2023\/04\/1680710243994-300x300.jpg\" alt=\"\" width=\"300\" height=\"300\" srcset=\"https:\/\/www.cdcipolletti.gob.ar\/wp-content\/uploads\/2023\/04\/1680710243994-300x300.jpg 300w, https:\/\/www.cdcipolletti.gob.ar\/wp-content\/uploads\/2023\/04\/1680710243994-1024x1024.jpg 1024w, https:\/\/www.cdcipolletti.gob.ar\/wp-content\/uploads\/2023\/04\/1680710243994-150x150.jpg 150w, https:\/\/www.cdcipolletti.gob.ar\/wp-content\/uploads\/2023\/04\/1680710243994-768x768.jpg 768w, https:\/\/www.cdcipolletti.gob.ar\/wp-content\/uploads\/2023\/04\/1680710243994.jpg 1080w\" sizes=\"(max-width: 300px) 100vw, 300px\" \/> <img loading=\"lazy\" class=\"alignnone size-medium wp-image-1960\" src=\"https:\/\/www.cipolletti.gob.ar\/cdcipolletti\/wp-content\/uploads\/2023\/04\/1680709766245-300x300.jpg\" alt=\"\" width=\"300\" height=\"300\" srcset=\"https:\/\/www.cdcipolletti.gob.ar\/wp-content\/uploads\/2023\/04\/1680709766245-300x300.jpg 300w, https:\/\/www.cdcipolletti.gob.ar\/wp-content\/uploads\/2023\/04\/1680709766245-1024x1024.jpg 1024w, https:\/\/www.cdcipolletti.gob.ar\/wp-content\/uploads\/2023\/04\/1680709766245-150x150.jpg 150w, https:\/\/www.cdcipolletti.gob.ar\/wp-content\/uploads\/2023\/04\/1680709766245-768x768.jpg 768w, https:\/\/www.cdcipolletti.gob.ar\/wp-content\/uploads\/2023\/04\/1680709766245.jpg 1050w\" sizes=\"(max-width: 300px) 100vw, 300px\" \/> <img loading=\"lazy\" class=\"alignnone size-medium wp-image-1961\" src=\"https:\/\/www.cipolletti.gob.ar\/cdcipolletti\/wp-content\/uploads\/2023\/04\/1680709718321-300x300.jpg\" alt=\"\" width=\"300\" height=\"300\" srcset=\"https:\/\/www.cdcipolletti.gob.ar\/wp-content\/uploads\/2023\/04\/1680709718321-300x300.jpg 300w, https:\/\/www.cdcipolletti.gob.ar\/wp-content\/uploads\/2023\/04\/1680709718321-1024x1024.jpg 1024w, https:\/\/www.cdcipolletti.gob.ar\/wp-content\/uploads\/2023\/04\/1680709718321-150x150.jpg 150w, https:\/\/www.cdcipolletti.gob.ar\/wp-content\/uploads\/2023\/04\/1680709718321-768x768.jpg 768w, https:\/\/www.cdcipolletti.gob.ar\/wp-content\/uploads\/2023\/04\/1680709718321.jpg 1080w\" sizes=\"(max-width: 300px) 100vw, 300px\" \/> <img loading=\"lazy\" class=\"alignnone size-medium wp-image-1962\" src=\"https:\/\/www.cipolletti.gob.ar\/cdcipolletti\/wp-content\/uploads\/2023\/04\/1680709903174-300x300.jpg\" alt=\"\" width=\"300\" height=\"300\" srcset=\"https:\/\/www.cdcipolletti.gob.ar\/wp-content\/uploads\/2023\/04\/1680709903174-300x300.jpg 300w, https:\/\/www.cdcipolletti.gob.ar\/wp-content\/uploads\/2023\/04\/1680709903174-1024x1024.jpg 1024w, https:\/\/www.cdcipolletti.gob.ar\/wp-content\/uploads\/2023\/04\/1680709903174-150x150.jpg 150w, https:\/\/www.cdcipolletti.gob.ar\/wp-content\/uploads\/2023\/04\/1680709903174-768x768.jpg 768w, https:\/\/www.cdcipolletti.gob.ar\/wp-content\/uploads\/2023\/04\/1680709903174.jpg 1076w\" sizes=\"(max-width: 300px) 100vw, 300px\" \/> <img loading=\"lazy\" class=\"alignnone size-medium wp-image-1963\" src=\"https:\/\/www.cipolletti.gob.ar\/cdcipolletti\/wp-content\/uploads\/2023\/04\/1680710268610-300x300.jpg\" alt=\"\" width=\"300\" height=\"300\" srcset=\"https:\/\/www.cdcipolletti.gob.ar\/wp-content\/uploads\/2023\/04\/1680710268610-300x300.jpg 300w, https:\/\/www.cdcipolletti.gob.ar\/wp-content\/uploads\/2023\/04\/1680710268610-1024x1024.jpg 1024w, https:\/\/www.cdcipolletti.gob.ar\/wp-content\/uploads\/2023\/04\/1680710268610-150x150.jpg 150w, https:\/\/www.cdcipolletti.gob.ar\/wp-content\/uploads\/2023\/04\/1680710268610-768x768.jpg 768w, https:\/\/www.cdcipolletti.gob.ar\/wp-content\/uploads\/2023\/04\/1680710268610.jpg 1080w\" sizes=\"(max-width: 300px) 100vw, 300px\" \/>\u00a0 <img loading=\"lazy\" class=\"alignnone size-medium wp-image-1965\" src=\"https:\/\/www.cipolletti.gob.ar\/cdcipolletti\/wp-content\/uploads\/2023\/04\/1680709947512-300x300.jpg\" alt=\"\" width=\"300\" height=\"300\" srcset=\"https:\/\/www.cdcipolletti.gob.ar\/wp-content\/uploads\/2023\/04\/1680709947512-300x300.jpg 300w, https:\/\/www.cdcipolletti.gob.ar\/wp-content\/uploads\/2023\/04\/1680709947512-150x150.jpg 150w, https:\/\/www.cdcipolletti.gob.ar\/wp-content\/uploads\/2023\/04\/1680709947512-768x769.jpg 768w, https:\/\/www.cdcipolletti.gob.ar\/wp-content\/uploads\/2023\/04\/1680709947512.jpg 975w\" sizes=\"(max-width: 300px) 100vw, 300px\" \/> <img loading=\"lazy\" class=\"alignnone size-medium wp-image-1966\" src=\"https:\/\/www.cipolletti.gob.ar\/cdcipolletti\/wp-content\/uploads\/2023\/04\/1680709811702-300x300.jpg\" alt=\"\" width=\"300\" height=\"300\" srcset=\"https:\/\/www.cdcipolletti.gob.ar\/wp-content\/uploads\/2023\/04\/1680709811702-300x300.jpg 300w, https:\/\/www.cdcipolletti.gob.ar\/wp-content\/uploads\/2023\/04\/1680709811702-150x150.jpg 150w, https:\/\/www.cdcipolletti.gob.ar\/wp-content\/uploads\/2023\/04\/1680709811702-768x768.jpg 768w, https:\/\/www.cdcipolletti.gob.ar\/wp-content\/uploads\/2023\/04\/1680709811702.jpg 793w\" sizes=\"(max-width: 300px) 100vw, 300px\" \/> <img loading=\"lazy\" class=\"alignnone size-medium wp-image-1967\" src=\"https:\/\/www.cipolletti.gob.ar\/cdcipolletti\/wp-content\/uploads\/2023\/04\/1680709801552-300x300.jpg\" alt=\"\" width=\"300\" height=\"300\" srcset=\"https:\/\/www.cdcipolletti.gob.ar\/wp-content\/uploads\/2023\/04\/1680709801552-300x300.jpg 300w, https:\/\/www.cdcipolletti.gob.ar\/wp-content\/uploads\/2023\/04\/1680709801552-1024x1024.jpg 1024w, https:\/\/www.cdcipolletti.gob.ar\/wp-content\/uploads\/2023\/04\/1680709801552-150x150.jpg 150w, https:\/\/www.cdcipolletti.gob.ar\/wp-content\/uploads\/2023\/04\/1680709801552-768x768.jpg 768w, https:\/\/www.cdcipolletti.gob.ar\/wp-content\/uploads\/2023\/04\/1680709801552.jpg 1064w\" sizes=\"(max-width: 300px) 100vw, 300px\" \/> <img loading=\"lazy\" class=\"alignnone size-medium wp-image-1968\" src=\"https:\/\/www.cipolletti.gob.ar\/cdcipolletti\/wp-content\/uploads\/2023\/04\/1680709785017-300x300.jpg\" alt=\"\" width=\"300\" height=\"300\" srcset=\"https:\/\/www.cdcipolletti.gob.ar\/wp-content\/uploads\/2023\/04\/1680709785017-300x300.jpg 300w, https:\/\/www.cdcipolletti.gob.ar\/wp-content\/uploads\/2023\/04\/1680709785017-1024x1024.jpg 1024w, https:\/\/www.cdcipolletti.gob.ar\/wp-content\/uploads\/2023\/04\/1680709785017-150x150.jpg 150w, https:\/\/www.cdcipolletti.gob.ar\/wp-content\/uploads\/2023\/04\/1680709785017-768x768.jpg 768w, https:\/\/www.cdcipolletti.gob.ar\/wp-content\/uploads\/2023\/04\/1680709785017.jpg 1080w\" sizes=\"(max-width: 300px) 100vw, 300px\" \/> <img loading=\"lazy\" class=\"alignnone size-medium wp-image-1969\" src=\"https:\/\/www.cipolletti.gob.ar\/cdcipolletti\/wp-content\/uploads\/2023\/04\/1680709734226-150x300.jpg\" alt=\"\" width=\"150\" height=\"300\" srcset=\"https:\/\/www.cdcipolletti.gob.ar\/wp-content\/uploads\/2023\/04\/1680709734226-150x300.jpg 150w, https:\/\/www.cdcipolletti.gob.ar\/wp-content\/uploads\/2023\/04\/1680709734226-511x1024.jpg 511w, https:\/\/www.cdcipolletti.gob.ar\/wp-content\/uploads\/2023\/04\/1680709734226-768x1538.jpg 768w, https:\/\/www.cdcipolletti.gob.ar\/wp-content\/uploads\/2023\/04\/1680709734226-767x1536.jpg 767w, https:\/\/www.cdcipolletti.gob.ar\/wp-content\/uploads\/2023\/04\/1680709734226.jpg 802w\" sizes=\"(max-width: 150px) 100vw, 150px\" \/> <img loading=\"lazy\" class=\"alignnone size-medium wp-image-1970\" src=\"https:\/\/www.cipolletti.gob.ar\/cdcipolletti\/wp-content\/uploads\/2023\/04\/1680709872497-300x300.jpg\" alt=\"\" width=\"300\" height=\"300\" srcset=\"https:\/\/www.cdcipolletti.gob.ar\/wp-content\/uploads\/2023\/04\/1680709872497-300x300.jpg 300w, https:\/\/www.cdcipolletti.gob.ar\/wp-content\/uploads\/2023\/04\/1680709872497-150x150.jpg 150w, https:\/\/www.cdcipolletti.gob.ar\/wp-content\/uploads\/2023\/04\/1680709872497-768x768.jpg 768w, https:\/\/www.cdcipolletti.gob.ar\/wp-content\/uploads\/2023\/04\/1680709872497.jpg 896w\" sizes=\"(max-width: 300px) 100vw, 300px\" \/> <img loading=\"lazy\" class=\"alignnone size-medium wp-image-1971\" src=\"https:\/\/www.cipolletti.gob.ar\/cdcipolletti\/wp-content\/uploads\/2023\/04\/1680709663159-300x300.jpg\" alt=\"\" width=\"300\" height=\"300\" srcset=\"https:\/\/www.cdcipolletti.gob.ar\/wp-content\/uploads\/2023\/04\/1680709663159-300x300.jpg 300w, https:\/\/www.cdcipolletti.gob.ar\/wp-content\/uploads\/2023\/04\/1680709663159-150x150.jpg 150w, https:\/\/www.cdcipolletti.gob.ar\/wp-content\/uploads\/2023\/04\/1680709663159-768x769.jpg 768w, https:\/\/www.cdcipolletti.gob.ar\/wp-content\/uploads\/2023\/04\/1680709663159.jpg 979w\" sizes=\"(max-width: 300px) 100vw, 300px\" \/> <img loading=\"lazy\" class=\"alignnone size-medium wp-image-1972\" src=\"https:\/\/www.cipolletti.gob.ar\/cdcipolletti\/wp-content\/uploads\/2023\/04\/1680710285313-300x300.jpg\" alt=\"\" width=\"300\" height=\"300\" srcset=\"https:\/\/www.cdcipolletti.gob.ar\/wp-content\/uploads\/2023\/04\/1680710285313-300x300.jpg 300w, https:\/\/www.cdcipolletti.gob.ar\/wp-content\/uploads\/2023\/04\/1680710285313-1024x1024.jpg 1024w, https:\/\/www.cdcipolletti.gob.ar\/wp-content\/uploads\/2023\/04\/1680710285313-150x150.jpg 150w, https:\/\/www.cdcipolletti.gob.ar\/wp-content\/uploads\/2023\/04\/1680710285313-768x768.jpg 768w, https:\/\/www.cdcipolletti.gob.ar\/wp-content\/uploads\/2023\/04\/1680710285313.jpg 1080w\" sizes=\"(max-width: 300px) 100vw, 300px\" \/> <img loading=\"lazy\" class=\"alignnone size-medium wp-image-1973\" src=\"https:\/\/www.cipolletti.gob.ar\/cdcipolletti\/wp-content\/uploads\/2023\/04\/1680709912236-300x300.jpg\" alt=\"\" width=\"300\" height=\"300\" srcset=\"https:\/\/www.cdcipolletti.gob.ar\/wp-content\/uploads\/2023\/04\/1680709912236-300x300.jpg 300w, https:\/\/www.cdcipolletti.gob.ar\/wp-content\/uploads\/2023\/04\/1680709912236-1024x1024.jpg 1024w, https:\/\/www.cdcipolletti.gob.ar\/wp-content\/uploads\/2023\/04\/1680709912236-150x150.jpg 150w, https:\/\/www.cdcipolletti.gob.ar\/wp-content\/uploads\/2023\/04\/1680709912236-768x768.jpg 768w, https:\/\/www.cdcipolletti.gob.ar\/wp-content\/uploads\/2023\/04\/1680709912236.jpg 1079w\" sizes=\"(max-width: 300px) 100vw, 300px\" \/> <img loading=\"lazy\" class=\"alignnone size-medium wp-image-1974\" src=\"https:\/\/www.cipolletti.gob.ar\/cdcipolletti\/wp-content\/uploads\/2023\/04\/1680709637458-300x200.jpg\" alt=\"\" width=\"300\" height=\"200\" srcset=\"https:\/\/www.cdcipolletti.gob.ar\/wp-content\/uploads\/2023\/04\/1680709637458-300x200.jpg 300w, https:\/\/www.cdcipolletti.gob.ar\/wp-content\/uploads\/2023\/04\/1680709637458-1024x683.jpg 1024w, https:\/\/www.cdcipolletti.gob.ar\/wp-content\/uploads\/2023\/04\/1680709637458-768x512.jpg 768w, https:\/\/www.cdcipolletti.gob.ar\/wp-content\/uploads\/2023\/04\/1680709637458-1536x1024.jpg 1536w, https:\/\/www.cdcipolletti.gob.ar\/wp-content\/uploads\/2023\/04\/1680709637458.jpg 1620w\" sizes=\"(max-width: 300px) 100vw, 300px\" \/> <img loading=\"lazy\" class=\"alignnone size-medium wp-image-1975\" src=\"https:\/\/www.cipolletti.gob.ar\/cdcipolletti\/wp-content\/uploads\/2023\/04\/1680709752317-300x300.jpg\" alt=\"\" width=\"300\" height=\"300\" srcset=\"https:\/\/www.cdcipolletti.gob.ar\/wp-content\/uploads\/2023\/04\/1680709752317-300x300.jpg 300w, https:\/\/www.cdcipolletti.gob.ar\/wp-content\/uploads\/2023\/04\/1680709752317-1024x1024.jpg 1024w, https:\/\/www.cdcipolletti.gob.ar\/wp-content\/uploads\/2023\/04\/1680709752317-150x150.jpg 150w, https:\/\/www.cdcipolletti.gob.ar\/wp-content\/uploads\/2023\/04\/1680709752317-768x769.jpg 768w, https:\/\/www.cdcipolletti.gob.ar\/wp-content\/uploads\/2023\/04\/1680709752317.jpg 1065w\" sizes=\"(max-width: 300px) 100vw, 300px\" \/> <img loading=\"lazy\" class=\"alignnone size-medium wp-image-1976\" src=\"https:\/\/www.cipolletti.gob.ar\/cdcipolletti\/wp-content\/uploads\/2023\/04\/1680709620200-300x300.jpg\" alt=\"\" width=\"300\" height=\"300\" srcset=\"https:\/\/www.cdcipolletti.gob.ar\/wp-content\/uploads\/2023\/04\/1680709620200-300x300.jpg 300w, https:\/\/www.cdcipolletti.gob.ar\/wp-content\/uploads\/2023\/04\/1680709620200-1024x1024.jpg 1024w, https:\/\/www.cdcipolletti.gob.ar\/wp-content\/uploads\/2023\/04\/1680709620200-150x150.jpg 150w, https:\/\/www.cdcipolletti.gob.ar\/wp-content\/uploads\/2023\/04\/1680709620200-768x768.jpg 768w, https:\/\/www.cdcipolletti.gob.ar\/wp-content\/uploads\/2023\/04\/1680709620200.jpg 1080w\" sizes=\"(max-width: 300px) 100vw, 300px\" \/> <img loading=\"lazy\" class=\"alignnone size-medium wp-image-1977\" src=\"https:\/\/www.cipolletti.gob.ar\/cdcipolletti\/wp-content\/uploads\/2023\/04\/1680709853050-300x300.jpg\" alt=\"\" width=\"300\" height=\"300\" srcset=\"https:\/\/www.cdcipolletti.gob.ar\/wp-content\/uploads\/2023\/04\/1680709853050-300x300.jpg 300w, https:\/\/www.cdcipolletti.gob.ar\/wp-content\/uploads\/2023\/04\/1680709853050-1024x1024.jpg 1024w, https:\/\/www.cdcipolletti.gob.ar\/wp-content\/uploads\/2023\/04\/1680709853050-150x150.jpg 150w, https:\/\/www.cdcipolletti.gob.ar\/wp-content\/uploads\/2023\/04\/1680709853050-768x768.jpg 768w, https:\/\/www.cdcipolletti.gob.ar\/wp-content\/uploads\/2023\/04\/1680709853050.jpg 1072w\" sizes=\"(max-width: 300px) 100vw, 300px\" \/> <img loading=\"lazy\" class=\"alignnone size-medium wp-image-1978\" src=\"https:\/\/www.cipolletti.gob.ar\/cdcipolletti\/wp-content\/uploads\/2023\/04\/1680709818835-300x300.jpg\" alt=\"\" width=\"300\" height=\"300\" srcset=\"https:\/\/www.cdcipolletti.gob.ar\/wp-content\/uploads\/2023\/04\/1680709818835-300x300.jpg 300w, https:\/\/www.cdcipolletti.gob.ar\/wp-content\/uploads\/2023\/04\/1680709818835-150x150.jpg 150w, https:\/\/www.cdcipolletti.gob.ar\/wp-content\/uploads\/2023\/04\/1680709818835-768x768.jpg 768w, https:\/\/www.cdcipolletti.gob.ar\/wp-content\/uploads\/2023\/04\/1680709818835.jpg 899w\" sizes=\"(max-width: 300px) 100vw, 300px\" \/><\/p>\n","protected":false},"excerpt":{"rendered":"<p>Este mi\u00e9rcoles 5 de abril, desde las 8:45hs y en la Sala de Reuniones, los Concejales dieron cinco despachos favorables en la Comisi\u00f3n que preside Flavia Boschi. De la misma formaron parte la Presidenta del Concejo Deliberante, Silvana Larralde, y los Concejales In\u00e9s Parra Mart\u00ednez (Juntos Somos R\u00edo Negro), Horacio Pierucci (Frente de Todos) y &hellip; <\/p>\n<p class=\"link-more\"><a href=\"https:\/\/www.cdcipolletti.gob.ar\/?p=1956\" class=\"more-link\">more<span class=\"screen-reader-text\"> &#8220;COMISI\u00d3N DE DESARROLLO HUMANO Y FAMILIA&#8221;<\/span><\/a><\/p>\n","protected":false},"author":5,"featured_media":1976,"comment_status":"closed","ping_status":"closed","sticky":false,"template":"","format":"standard","meta":[],"categories":[1],"tags":[37],"_links":{"self":[{"href":"https:\/\/www.cdcipolletti.gob.ar\/index.php?rest_route=\/wp\/v2\/posts\/1956"}],"collection":[{"href":"https:\/\/www.cdcipolletti.gob.ar\/index.php?rest_route=\/wp\/v2\/posts"}],"about":[{"href":"https:\/\/www.cdcipolletti.gob.ar\/index.php?rest_route=\/wp\/v2\/types\/post"}],"author":[{"embeddable":true,"href":"https:\/\/www.cdcipolletti.gob.ar\/index.php?rest_route=\/wp\/v2\/users\/5"}],"replies":[{"embeddable":true,"href":"https:\/\/www.cdcipolletti.gob.ar\/index.php?rest_route=%2Fwp%2Fv2%2Fcomments&post=1956"}],"version-history":[{"count":1,"href":"https:\/\/www.cdcipolletti.gob.ar\/index.php?rest_route=\/wp\/v2\/posts\/1956\/revisions"}],"predecessor-version":[{"id":1979,"href":"https:\/\/www.cdcipolletti.gob.ar\/index.php?rest_route=\/wp\/v2\/posts\/1956\/revisions\/1979"}],"wp:featuredmedia":[{"embeddable":true,"href":"https:\/\/www.cdcipolletti.gob.ar\/index.php?rest_route=\/wp\/v2\/media\/1976"}],"wp:attachment":[{"href":"https:\/\/www.cdcipolletti.gob.ar\/index.php?rest_route=%2Fwp%2Fv2%2Fmedia&parent=1956"}],"wp:term":[{"taxonomy":"category","embeddable":true,"href":"https:\/\/www.cdcipolletti.gob.ar\/index.php?rest_route=%2Fwp%2Fv2%2Fcategories&post=1956"},{"taxonomy":"post_tag","embeddable":true,"href":"https:\/\/www.cdcipolletti.gob.ar\/index.php?rest_route=%2Fwp%2Fv2%2Ftags&post=1956"}],"curies":[{"name":"wp","href":"https:\/\/api.w.org\/{rel}","templated":true}]}}