{"id":1730,"date":"2022-12-14T13:47:17","date_gmt":"2022-12-14T16:47:17","guid":{"rendered":"https:\/\/www.cdcipolletti.gob.ar\/?p=1730"},"modified":"2022-12-14T13:47:17","modified_gmt":"2022-12-14T16:47:17","slug":"comision-de-gobierno-tres-despachos-favorables","status":"publish","type":"post","link":"https:\/\/www.cdcipolletti.gob.ar\/?p=1730","title":{"rendered":"COMISI\u00d3N DE GOBIERNO: TRES DESPACHOS FAVORABLES"},"content":{"rendered":"<p>Este mi\u00e9rcoles 14 de diciembre, desde las 10hs y en la Sala de Reuniones del CD, los Concejales se reunieron en la Comisi\u00f3n de Gobierno que preside Lorena Yensen.<\/p>\n<p>Estuvo presente la Presidenta del Concejo Deliberante, Silvana Larralde, y los Concejales In\u00e9s Parra Mart\u00ednez (Bloque Juntos Somos R\u00edo Negro), Horacio Pierucci (Bloque Frente de Todos) y Carlos Mart\u00ednez Larrea (Bloque PRO &#8211; Cambia R\u00edo Negro).<\/p>\n<hr \/>\n<p style=\"text-align: center;\"><strong>ORDEN DEL D\u00cdA<\/strong><\/p>\n<p>. Expte. N\u00b0 116\/22: Poder Ejecutivo Municipal \u2013 Proyecto de Ordenanza de Tr\u00e1mite S\/ Cesi\u00f3n de parcela en<br \/>\nParque Industrial a Bomberos Voluntarios de Cipolletti.<\/p>\n<p>Invitados: Sec. de Fiscalzaci\u00f3n Cristian Blanco, T\u00e9cnica en Proyectos Valeria Lazarte y el Pte. Comisi\u00f3n directiva Asociaci\u00f3n de Bomberos Voluntarios, Raul Vena.<\/p>\n<p><strong>Despacho favorable por unanimidad<\/strong><\/p>\n<p><img loading=\"lazy\" class=\"alignnone size-medium wp-image-1732\" src=\"https:\/\/www.cdcipolletti.gob.ar\/wp-content\/uploads\/2022\/12\/1671034798658-300x300.jpg\" alt=\"\" width=\"300\" height=\"300\" srcset=\"https:\/\/www.cdcipolletti.gob.ar\/wp-content\/uploads\/2022\/12\/1671034798658-300x300.jpg 300w, https:\/\/www.cdcipolletti.gob.ar\/wp-content\/uploads\/2022\/12\/1671034798658-1024x1024.jpg 1024w, https:\/\/www.cdcipolletti.gob.ar\/wp-content\/uploads\/2022\/12\/1671034798658-150x150.jpg 150w, https:\/\/www.cdcipolletti.gob.ar\/wp-content\/uploads\/2022\/12\/1671034798658-768x768.jpg 768w, https:\/\/www.cdcipolletti.gob.ar\/wp-content\/uploads\/2022\/12\/1671034798658.jpg 1080w\" sizes=\"(max-width: 300px) 100vw, 300px\" \/> <img loading=\"lazy\" class=\"alignnone size-medium wp-image-1733\" src=\"https:\/\/www.cdcipolletti.gob.ar\/wp-content\/uploads\/2022\/12\/1671034848445-300x300.jpg\" alt=\"\" width=\"300\" height=\"300\" srcset=\"https:\/\/www.cdcipolletti.gob.ar\/wp-content\/uploads\/2022\/12\/1671034848445-300x300.jpg 300w, https:\/\/www.cdcipolletti.gob.ar\/wp-content\/uploads\/2022\/12\/1671034848445-150x150.jpg 150w, https:\/\/www.cdcipolletti.gob.ar\/wp-content\/uploads\/2022\/12\/1671034848445.jpg 367w\" sizes=\"(max-width: 300px) 100vw, 300px\" \/><\/p>\n<p>. Expte. N\u00b0 118\/22: Poder Ejecutivo Municipal \u2013 Proyecto de Ordenanza de Tr\u00e1mite sobre cancelaci\u00f3n de reserva<br \/>\nfiscal de parcela para donarla a la Universidad Nacional del Comahue para la construcci\u00f3n de residencia universitaria.<\/p>\n<p>Invitados: Victoria Alfonso y Ra\u00fal Osovnikar (Autoridades UNCOma), Sec. de Gobierno Patricia Fernandez y Dir. Gral. Desarrollo Territorial Arq. Octavio Folatelli.<\/p>\n<p><strong>Despacho favorable por unanimidad<\/strong><\/p>\n<p><img loading=\"lazy\" class=\"alignnone size-medium wp-image-1734\" src=\"https:\/\/www.cdcipolletti.gob.ar\/wp-content\/uploads\/2022\/12\/1671034786516-300x300.jpg\" alt=\"\" width=\"300\" height=\"300\" srcset=\"https:\/\/www.cdcipolletti.gob.ar\/wp-content\/uploads\/2022\/12\/1671034786516-300x300.jpg 300w, https:\/\/www.cdcipolletti.gob.ar\/wp-content\/uploads\/2022\/12\/1671034786516-1024x1024.jpg 1024w, https:\/\/www.cdcipolletti.gob.ar\/wp-content\/uploads\/2022\/12\/1671034786516-150x150.jpg 150w, https:\/\/www.cdcipolletti.gob.ar\/wp-content\/uploads\/2022\/12\/1671034786516-768x767.jpg 768w, https:\/\/www.cdcipolletti.gob.ar\/wp-content\/uploads\/2022\/12\/1671034786516.jpg 1080w\" sizes=\"(max-width: 300px) 100vw, 300px\" \/> <img loading=\"lazy\" class=\"alignnone size-medium wp-image-1735\" src=\"https:\/\/www.cdcipolletti.gob.ar\/wp-content\/uploads\/2022\/12\/1671034773755-300x300.jpg\" alt=\"\" width=\"300\" height=\"300\" srcset=\"https:\/\/www.cdcipolletti.gob.ar\/wp-content\/uploads\/2022\/12\/1671034773755-300x300.jpg 300w, https:\/\/www.cdcipolletti.gob.ar\/wp-content\/uploads\/2022\/12\/1671034773755-1024x1024.jpg 1024w, https:\/\/www.cdcipolletti.gob.ar\/wp-content\/uploads\/2022\/12\/1671034773755-150x150.jpg 150w, https:\/\/www.cdcipolletti.gob.ar\/wp-content\/uploads\/2022\/12\/1671034773755-768x768.jpg 768w, https:\/\/www.cdcipolletti.gob.ar\/wp-content\/uploads\/2022\/12\/1671034773755.jpg 1080w\" sizes=\"(max-width: 300px) 100vw, 300px\" \/><\/p>\n<p>. Expte. N\u00b0 087\/22: Bloque Pro &#8211; Cambia R\u00edo Negro Concejal Carlos MART\u00cdNEZ LARREA sobre Proyecto<br \/>\nde ordenanza \u201cDonaci\u00f3n de parcela a Centro de CONIN- FUNDACI\u00d3N<br \/>\nCUIDEMOS A LOS NI\u00d1OS\u201d.<\/p>\n<p><strong>Despacho favorable por unanimidad<\/strong><\/p>\n<hr \/>\n<p>Algunas fotos de la Comisi\u00f3n:<\/p>\n<p><img loading=\"lazy\" class=\"alignnone size-medium wp-image-1736\" src=\"https:\/\/www.cdcipolletti.gob.ar\/wp-content\/uploads\/2022\/12\/1671036204050-300x300.jpg\" alt=\"\" width=\"300\" height=\"300\" srcset=\"https:\/\/www.cdcipolletti.gob.ar\/wp-content\/uploads\/2022\/12\/1671036204050-300x300.jpg 300w, https:\/\/www.cdcipolletti.gob.ar\/wp-content\/uploads\/2022\/12\/1671036204050-1024x1024.jpg 1024w, https:\/\/www.cdcipolletti.gob.ar\/wp-content\/uploads\/2022\/12\/1671036204050-150x150.jpg 150w, https:\/\/www.cdcipolletti.gob.ar\/wp-content\/uploads\/2022\/12\/1671036204050-768x768.jpg 768w, https:\/\/www.cdcipolletti.gob.ar\/wp-content\/uploads\/2022\/12\/1671036204050.jpg 1080w\" sizes=\"(max-width: 300px) 100vw, 300px\" \/><img loading=\"lazy\" class=\"alignnone size-medium wp-image-1739\" src=\"https:\/\/www.cdcipolletti.gob.ar\/wp-content\/uploads\/2022\/12\/1671034724575-300x300.jpg\" alt=\"\" width=\"300\" height=\"300\" srcset=\"https:\/\/www.cdcipolletti.gob.ar\/wp-content\/uploads\/2022\/12\/1671034724575-300x300.jpg 300w, https:\/\/www.cdcipolletti.gob.ar\/wp-content\/uploads\/2022\/12\/1671034724575-1024x1024.jpg 1024w, https:\/\/www.cdcipolletti.gob.ar\/wp-content\/uploads\/2022\/12\/1671034724575-150x150.jpg 150w, https:\/\/www.cdcipolletti.gob.ar\/wp-content\/uploads\/2022\/12\/1671034724575-768x767.jpg 768w, https:\/\/www.cdcipolletti.gob.ar\/wp-content\/uploads\/2022\/12\/1671034724575.jpg 1080w\" sizes=\"(max-width: 300px) 100vw, 300px\" \/><img loading=\"lazy\" class=\"alignnone size-medium wp-image-1742\" src=\"https:\/\/www.cdcipolletti.gob.ar\/wp-content\/uploads\/2022\/12\/1671034637427-300x300.jpg\" alt=\"\" width=\"300\" height=\"300\" srcset=\"https:\/\/www.cdcipolletti.gob.ar\/wp-content\/uploads\/2022\/12\/1671034637427-300x300.jpg 300w, https:\/\/www.cdcipolletti.gob.ar\/wp-content\/uploads\/2022\/12\/1671034637427-1024x1024.jpg 1024w, https:\/\/www.cdcipolletti.gob.ar\/wp-content\/uploads\/2022\/12\/1671034637427-150x150.jpg 150w, https:\/\/www.cdcipolletti.gob.ar\/wp-content\/uploads\/2022\/12\/1671034637427-768x767.jpg 768w, https:\/\/www.cdcipolletti.gob.ar\/wp-content\/uploads\/2022\/12\/1671034637427.jpg 1080w\" sizes=\"(max-width: 300px) 100vw, 300px\" \/> <img loading=\"lazy\" class=\"alignnone size-medium wp-image-1740\" src=\"https:\/\/www.cdcipolletti.gob.ar\/wp-content\/uploads\/2022\/12\/1671034629091-300x300.jpg\" alt=\"\" width=\"300\" height=\"300\" srcset=\"https:\/\/www.cdcipolletti.gob.ar\/wp-content\/uploads\/2022\/12\/1671034629091-300x300.jpg 300w, https:\/\/www.cdcipolletti.gob.ar\/wp-content\/uploads\/2022\/12\/1671034629091-1024x1024.jpg 1024w, https:\/\/www.cdcipolletti.gob.ar\/wp-content\/uploads\/2022\/12\/1671034629091-150x150.jpg 150w, https:\/\/www.cdcipolletti.gob.ar\/wp-content\/uploads\/2022\/12\/1671034629091-768x768.jpg 768w, https:\/\/www.cdcipolletti.gob.ar\/wp-content\/uploads\/2022\/12\/1671034629091.jpg 1080w\" sizes=\"(max-width: 300px) 100vw, 300px\" \/><img loading=\"lazy\" class=\"alignnone size-medium wp-image-1737\" src=\"https:\/\/www.cdcipolletti.gob.ar\/wp-content\/uploads\/2022\/12\/1671034640474-300x300.jpg\" alt=\"\" width=\"300\" height=\"300\" srcset=\"https:\/\/www.cdcipolletti.gob.ar\/wp-content\/uploads\/2022\/12\/1671034640474-300x300.jpg 300w, https:\/\/www.cdcipolletti.gob.ar\/wp-content\/uploads\/2022\/12\/1671034640474-1024x1024.jpg 1024w, https:\/\/www.cdcipolletti.gob.ar\/wp-content\/uploads\/2022\/12\/1671034640474-150x150.jpg 150w, https:\/\/www.cdcipolletti.gob.ar\/wp-content\/uploads\/2022\/12\/1671034640474-768x767.jpg 768w, https:\/\/www.cdcipolletti.gob.ar\/wp-content\/uploads\/2022\/12\/1671034640474.jpg 1080w\" sizes=\"(max-width: 300px) 100vw, 300px\" \/> <img loading=\"lazy\" class=\"alignnone size-medium wp-image-1738\" src=\"https:\/\/www.cdcipolletti.gob.ar\/wp-content\/uploads\/2022\/12\/1671034706325-150x300.jpg\" alt=\"\" width=\"150\" height=\"300\" srcset=\"https:\/\/www.cdcipolletti.gob.ar\/wp-content\/uploads\/2022\/12\/1671034706325-150x300.jpg 150w, https:\/\/www.cdcipolletti.gob.ar\/wp-content\/uploads\/2022\/12\/1671034706325-512x1024.jpg 512w, https:\/\/www.cdcipolletti.gob.ar\/wp-content\/uploads\/2022\/12\/1671034706325-768x1536.jpg 768w, https:\/\/www.cdcipolletti.gob.ar\/wp-content\/uploads\/2022\/12\/1671034706325.jpg 810w\" sizes=\"(max-width: 150px) 100vw, 150px\" \/>\u00a0\u00a0 <img loading=\"lazy\" class=\"alignnone size-medium wp-image-1741\" src=\"https:\/\/www.cdcipolletti.gob.ar\/wp-content\/uploads\/2022\/12\/1671034588417-300x300.jpg\" alt=\"\" width=\"300\" height=\"300\" srcset=\"https:\/\/www.cdcipolletti.gob.ar\/wp-content\/uploads\/2022\/12\/1671034588417-300x300.jpg 300w, https:\/\/www.cdcipolletti.gob.ar\/wp-content\/uploads\/2022\/12\/1671034588417-1024x1024.jpg 1024w, https:\/\/www.cdcipolletti.gob.ar\/wp-content\/uploads\/2022\/12\/1671034588417-150x150.jpg 150w, https:\/\/www.cdcipolletti.gob.ar\/wp-content\/uploads\/2022\/12\/1671034588417-768x769.jpg 768w, https:\/\/www.cdcipolletti.gob.ar\/wp-content\/uploads\/2022\/12\/1671034588417.jpg 1051w\" sizes=\"(max-width: 300px) 100vw, 300px\" \/><\/p>\n","protected":false},"excerpt":{"rendered":"<p>Este mi\u00e9rcoles 14 de diciembre, desde las 10hs y en la Sala de Reuniones del CD, los Concejales se reunieron en la Comisi\u00f3n de Gobierno que preside Lorena Yensen. Estuvo presente la Presidenta del Concejo Deliberante, Silvana Larralde, y los Concejales In\u00e9s Parra Mart\u00ednez (Bloque Juntos Somos R\u00edo Negro), Horacio Pierucci (Bloque Frente de Todos) &hellip; <\/p>\n<p class=\"link-more\"><a href=\"https:\/\/www.cdcipolletti.gob.ar\/?p=1730\" class=\"more-link\">more<span class=\"screen-reader-text\"> &#8220;COMISI\u00d3N DE GOBIERNO: TRES DESPACHOS FAVORABLES&#8221;<\/span><\/a><\/p>\n","protected":false},"author":5,"featured_media":1731,"comment_status":"closed","ping_status":"closed","sticky":false,"template":"","format":"standard","meta":[],"categories":[1],"tags":[123,39,105,124,44],"_links":{"self":[{"href":"https:\/\/www.cdcipolletti.gob.ar\/index.php?rest_route=\/wp\/v2\/posts\/1730"}],"collection":[{"href":"https:\/\/www.cdcipolletti.gob.ar\/index.php?rest_route=\/wp\/v2\/posts"}],"about":[{"href":"https:\/\/www.cdcipolletti.gob.ar\/index.php?rest_route=\/wp\/v2\/types\/post"}],"author":[{"embeddable":true,"href":"https:\/\/www.cdcipolletti.gob.ar\/index.php?rest_route=\/wp\/v2\/users\/5"}],"replies":[{"embeddable":true,"href":"https:\/\/www.cdcipolletti.gob.ar\/index.php?rest_route=%2Fwp%2Fv2%2Fcomments&post=1730"}],"version-history":[{"count":2,"href":"https:\/\/www.cdcipolletti.gob.ar\/index.php?rest_route=\/wp\/v2\/posts\/1730\/revisions"}],"predecessor-version":[{"id":1941,"href":"https:\/\/www.cdcipolletti.gob.ar\/index.php?rest_route=\/wp\/v2\/posts\/1730\/revisions\/1941"}],"wp:featuredmedia":[{"embeddable":true,"href":"https:\/\/www.cdcipolletti.gob.ar\/index.php?rest_route=\/wp\/v2\/media\/1731"}],"wp:attachment":[{"href":"https:\/\/www.cdcipolletti.gob.ar\/index.php?rest_route=%2Fwp%2Fv2%2Fmedia&parent=1730"}],"wp:term":[{"taxonomy":"category","embeddable":true,"href":"https:\/\/www.cdcipolletti.gob.ar\/index.php?rest_route=%2Fwp%2Fv2%2Fcategories&post=1730"},{"taxonomy":"post_tag","embeddable":true,"href":"https:\/\/www.cdcipolletti.gob.ar\/index.php?rest_route=%2Fwp%2Fv2%2Ftags&post=1730"}],"curies":[{"name":"wp","href":"https:\/\/api.w.org\/{rel}","templated":true}]}}