{"id":1655,"date":"2022-11-25T13:01:59","date_gmt":"2022-11-25T16:01:59","guid":{"rendered":"https:\/\/www.cdcipolletti.gob.ar\/?p=1655"},"modified":"2022-11-25T13:07:48","modified_gmt":"2022-11-25T16:07:48","slug":"comisiones-de-hacienda-y-gobierno","status":"publish","type":"post","link":"https:\/\/www.cdcipolletti.gob.ar\/?p=1655","title":{"rendered":"COMISIONES DE HACIENDA Y GOBIERNO"},"content":{"rendered":"<p><em>Este viernes, desde las 8:30hs y en la Sala de Reuniones del Concejo Deliberante, los Ediles trabajaron en las Comisiones de Hacienda y Gobierno presididas por Lorena Yensen, con las nuevas actuaciones de un expediente y la visita de la Secretar\u00eda de Innovaci\u00f3n y Tecnolog\u00eda, en continuidad con el tratamiento del Presupuesto Municipal 2023.<\/em><\/p>\n<p>&nbsp;<\/p>\n<p>Estuvo presente la <strong>Presidenta del Concejo Deliberante, Silvana Larralde<\/strong>, y los <strong>Concejales Lorena Yensen<\/strong> (Presidenta de las Comisiones) e <strong>In\u00e9s Parra Mart\u00ednez<\/strong> (Bloque Juntos Somos R\u00edo Negro), <strong>Horacio Pierucci<\/strong> (Bloque Frente de Todos) y <strong>Carlos Mart\u00ednez Larrea<\/strong> (Bloque PRO Juntos por el Cambio).<\/p>\n<hr \/>\n<p style=\"text-align: center;\"><strong>COMISI\u00d3N DE HACIENDA<\/strong><\/p>\n<p>En primera instancia se hizo presente el <strong>Secretario de Innovaci\u00f3n y Tecnolog\u00eda, Gonzalo Regueiro<\/strong>, junto a su equipo integrado por: <strong>Betina Moleno, An\u00edbal Albornoz, Kevin Gatica y Gian Gallo<\/strong>. El equipo de la Secretar\u00eda expuso parte de su gesti\u00f3n desde el cambio en el Organigrama Municipal, con la recategorizaci\u00f3n de Direcci\u00f3n a Secretar\u00eda, y los objetivos de cara al 2023, con la justificaci\u00f3n de su presupuesto.<\/p>\n<p><img loading=\"lazy\" class=\"aligncenter wp-image-1659 size-large\" src=\"https:\/\/www.cdcipolletti.gob.ar\/wp-content\/uploads\/2022\/11\/WhatsApp-Image-2022-11-25-at-13.03.54-1024x1024.jpeg\" alt=\"\" width=\"600\" height=\"600\" srcset=\"https:\/\/www.cdcipolletti.gob.ar\/wp-content\/uploads\/2022\/11\/WhatsApp-Image-2022-11-25-at-13.03.54-1024x1024.jpeg 1024w, https:\/\/www.cdcipolletti.gob.ar\/wp-content\/uploads\/2022\/11\/WhatsApp-Image-2022-11-25-at-13.03.54-300x300.jpeg 300w, https:\/\/www.cdcipolletti.gob.ar\/wp-content\/uploads\/2022\/11\/WhatsApp-Image-2022-11-25-at-13.03.54-150x150.jpeg 150w, https:\/\/www.cdcipolletti.gob.ar\/wp-content\/uploads\/2022\/11\/WhatsApp-Image-2022-11-25-at-13.03.54-768x768.jpeg 768w, https:\/\/www.cdcipolletti.gob.ar\/wp-content\/uploads\/2022\/11\/WhatsApp-Image-2022-11-25-at-13.03.54-1536x1536.jpeg 1536w, https:\/\/www.cdcipolletti.gob.ar\/wp-content\/uploads\/2022\/11\/WhatsApp-Image-2022-11-25-at-13.03.54.jpeg 1600w\" sizes=\"(max-width: 600px) 100vw, 600px\" \/> <img loading=\"lazy\" class=\"aligncenter wp-image-1660 size-large\" src=\"https:\/\/www.cdcipolletti.gob.ar\/wp-content\/uploads\/2022\/11\/WhatsApp-Image-2022-11-25-at-13.03.52-1024x1024.jpeg\" alt=\"\" width=\"600\" height=\"600\" srcset=\"https:\/\/www.cdcipolletti.gob.ar\/wp-content\/uploads\/2022\/11\/WhatsApp-Image-2022-11-25-at-13.03.52-1024x1024.jpeg 1024w, https:\/\/www.cdcipolletti.gob.ar\/wp-content\/uploads\/2022\/11\/WhatsApp-Image-2022-11-25-at-13.03.52-300x300.jpeg 300w, https:\/\/www.cdcipolletti.gob.ar\/wp-content\/uploads\/2022\/11\/WhatsApp-Image-2022-11-25-at-13.03.52-150x150.jpeg 150w, https:\/\/www.cdcipolletti.gob.ar\/wp-content\/uploads\/2022\/11\/WhatsApp-Image-2022-11-25-at-13.03.52-768x768.jpeg 768w, https:\/\/www.cdcipolletti.gob.ar\/wp-content\/uploads\/2022\/11\/WhatsApp-Image-2022-11-25-at-13.03.52.jpeg 1443w\" sizes=\"(max-width: 600px) 100vw, 600px\" \/><\/p>\n<hr \/>\n<p style=\"text-align: center;\"><strong>COMISI\u00d3N DE GOBIERNO<\/strong><\/p>\n<p>Una vez finalizada la exposici\u00f3n, se realiz\u00f3 la Comisi\u00f3n de Gobierno, en la cual se informaron las Nuevas Actuaciones del Expte. N\u00b0 087\/22, Proyecto de Ordenanza presentado por el <strong>Concejal Carlos Mart\u00ednez Larrea<\/strong> (Bloque PRO Juntos por el Cambio) sobre la Donaci\u00f3n de una parcela al Centro de CONIN &#8211; FUNDACI\u00d3N CUIDEMOS A LOS NI\u00d1OS&#8221;.<\/p>\n<p><strong>El Proyecto contin\u00faa en Comisi\u00f3n<\/strong><\/p>\n<hr \/>\n<p>Algunas fotos de la Comisi\u00f3n:<\/p>\n<p><img loading=\"lazy\" class=\"alignnone size-medium wp-image-1661\" src=\"https:\/\/www.cdcipolletti.gob.ar\/wp-content\/uploads\/2022\/11\/WhatsApp-Image-2022-11-25-at-13.03.531-300x300.jpeg\" alt=\"\" width=\"300\" height=\"300\" srcset=\"https:\/\/www.cdcipolletti.gob.ar\/wp-content\/uploads\/2022\/11\/WhatsApp-Image-2022-11-25-at-13.03.531-300x300.jpeg 300w, https:\/\/www.cdcipolletti.gob.ar\/wp-content\/uploads\/2022\/11\/WhatsApp-Image-2022-11-25-at-13.03.531-1024x1024.jpeg 1024w, https:\/\/www.cdcipolletti.gob.ar\/wp-content\/uploads\/2022\/11\/WhatsApp-Image-2022-11-25-at-13.03.531-150x150.jpeg 150w, https:\/\/www.cdcipolletti.gob.ar\/wp-content\/uploads\/2022\/11\/WhatsApp-Image-2022-11-25-at-13.03.531-768x768.jpeg 768w, https:\/\/www.cdcipolletti.gob.ar\/wp-content\/uploads\/2022\/11\/WhatsApp-Image-2022-11-25-at-13.03.531-1536x1536.jpeg 1536w, https:\/\/www.cdcipolletti.gob.ar\/wp-content\/uploads\/2022\/11\/WhatsApp-Image-2022-11-25-at-13.03.531.jpeg 1600w\" sizes=\"(max-width: 300px) 100vw, 300px\" \/> <img loading=\"lazy\" class=\"alignnone size-medium wp-image-1662\" src=\"https:\/\/www.cdcipolletti.gob.ar\/wp-content\/uploads\/2022\/11\/WhatsApp-Image-2022-11-25-at-13.03.532-300x300.jpeg\" alt=\"\" width=\"300\" height=\"300\" srcset=\"https:\/\/www.cdcipolletti.gob.ar\/wp-content\/uploads\/2022\/11\/WhatsApp-Image-2022-11-25-at-13.03.532-300x300.jpeg 300w, https:\/\/www.cdcipolletti.gob.ar\/wp-content\/uploads\/2022\/11\/WhatsApp-Image-2022-11-25-at-13.03.532-150x150.jpeg 150w, https:\/\/www.cdcipolletti.gob.ar\/wp-content\/uploads\/2022\/11\/WhatsApp-Image-2022-11-25-at-13.03.532-768x767.jpeg 768w, https:\/\/www.cdcipolletti.gob.ar\/wp-content\/uploads\/2022\/11\/WhatsApp-Image-2022-11-25-at-13.03.532.jpeg 852w\" sizes=\"(max-width: 300px) 100vw, 300px\" \/> <img loading=\"lazy\" class=\"alignnone size-medium wp-image-1663\" src=\"https:\/\/www.cdcipolletti.gob.ar\/wp-content\/uploads\/2022\/11\/WhatsApp-Image-2022-11-25-at-13.03.521-300x300.jpeg\" alt=\"\" width=\"300\" height=\"300\" srcset=\"https:\/\/www.cdcipolletti.gob.ar\/wp-content\/uploads\/2022\/11\/WhatsApp-Image-2022-11-25-at-13.03.521-300x300.jpeg 300w, https:\/\/www.cdcipolletti.gob.ar\/wp-content\/uploads\/2022\/11\/WhatsApp-Image-2022-11-25-at-13.03.521-1024x1024.jpeg 1024w, https:\/\/www.cdcipolletti.gob.ar\/wp-content\/uploads\/2022\/11\/WhatsApp-Image-2022-11-25-at-13.03.521-150x150.jpeg 150w, https:\/\/www.cdcipolletti.gob.ar\/wp-content\/uploads\/2022\/11\/WhatsApp-Image-2022-11-25-at-13.03.521-768x768.jpeg 768w, https:\/\/www.cdcipolletti.gob.ar\/wp-content\/uploads\/2022\/11\/WhatsApp-Image-2022-11-25-at-13.03.521-1536x1536.jpeg 1536w, https:\/\/www.cdcipolletti.gob.ar\/wp-content\/uploads\/2022\/11\/WhatsApp-Image-2022-11-25-at-13.03.521.jpeg 1600w\" sizes=\"(max-width: 300px) 100vw, 300px\" \/> <img loading=\"lazy\" class=\"alignnone size-medium wp-image-1664\" src=\"https:\/\/www.cdcipolletti.gob.ar\/wp-content\/uploads\/2022\/11\/WhatsApp-Image-2022-11-25-at-13.03.51-300x300.jpeg\" alt=\"\" width=\"300\" height=\"300\" srcset=\"https:\/\/www.cdcipolletti.gob.ar\/wp-content\/uploads\/2022\/11\/WhatsApp-Image-2022-11-25-at-13.03.51-300x300.jpeg 300w, https:\/\/www.cdcipolletti.gob.ar\/wp-content\/uploads\/2022\/11\/WhatsApp-Image-2022-11-25-at-13.03.51-1024x1024.jpeg 1024w, https:\/\/www.cdcipolletti.gob.ar\/wp-content\/uploads\/2022\/11\/WhatsApp-Image-2022-11-25-at-13.03.51-150x150.jpeg 150w, https:\/\/www.cdcipolletti.gob.ar\/wp-content\/uploads\/2022\/11\/WhatsApp-Image-2022-11-25-at-13.03.51-768x768.jpeg 768w, https:\/\/www.cdcipolletti.gob.ar\/wp-content\/uploads\/2022\/11\/WhatsApp-Image-2022-11-25-at-13.03.51-1536x1536.jpeg 1536w, https:\/\/www.cdcipolletti.gob.ar\/wp-content\/uploads\/2022\/11\/WhatsApp-Image-2022-11-25-at-13.03.51.jpeg 1600w\" sizes=\"(max-width: 300px) 100vw, 300px\" \/> <img loading=\"lazy\" class=\"alignnone size-medium wp-image-1665\" src=\"https:\/\/www.cdcipolletti.gob.ar\/wp-content\/uploads\/2022\/11\/WhatsApp-Image-2022-11-25-at-13.03.511-300x300.jpeg\" alt=\"\" width=\"300\" height=\"300\" srcset=\"https:\/\/www.cdcipolletti.gob.ar\/wp-content\/uploads\/2022\/11\/WhatsApp-Image-2022-11-25-at-13.03.511-300x300.jpeg 300w, https:\/\/www.cdcipolletti.gob.ar\/wp-content\/uploads\/2022\/11\/WhatsApp-Image-2022-11-25-at-13.03.511-1024x1024.jpeg 1024w, https:\/\/www.cdcipolletti.gob.ar\/wp-content\/uploads\/2022\/11\/WhatsApp-Image-2022-11-25-at-13.03.511-150x150.jpeg 150w, https:\/\/www.cdcipolletti.gob.ar\/wp-content\/uploads\/2022\/11\/WhatsApp-Image-2022-11-25-at-13.03.511-768x768.jpeg 768w, https:\/\/www.cdcipolletti.gob.ar\/wp-content\/uploads\/2022\/11\/WhatsApp-Image-2022-11-25-at-13.03.511-1536x1536.jpeg 1536w, https:\/\/www.cdcipolletti.gob.ar\/wp-content\/uploads\/2022\/11\/WhatsApp-Image-2022-11-25-at-13.03.511.jpeg 1600w\" sizes=\"(max-width: 300px) 100vw, 300px\" \/><\/p>\n","protected":false},"excerpt":{"rendered":"<p>Este viernes, desde las 8:30hs y en la Sala de Reuniones del Concejo Deliberante, los Ediles trabajaron en las Comisiones de Hacienda y Gobierno presididas por Lorena Yensen, con las nuevas actuaciones de un expediente y la visita de la Secretar\u00eda de Innovaci\u00f3n y Tecnolog\u00eda, en continuidad con el tratamiento del Presupuesto Municipal 2023. &nbsp; &hellip; <\/p>\n<p class=\"link-more\"><a href=\"https:\/\/www.cdcipolletti.gob.ar\/?p=1655\" class=\"more-link\">more<span class=\"screen-reader-text\"> &#8220;COMISIONES DE HACIENDA Y GOBIERNO&#8221;<\/span><\/a><\/p>\n","protected":false},"author":5,"featured_media":1657,"comment_status":"closed","ping_status":"closed","sticky":false,"template":"","format":"standard","meta":[],"categories":[1],"tags":[],"_links":{"self":[{"href":"https:\/\/www.cdcipolletti.gob.ar\/index.php?rest_route=\/wp\/v2\/posts\/1655"}],"collection":[{"href":"https:\/\/www.cdcipolletti.gob.ar\/index.php?rest_route=\/wp\/v2\/posts"}],"about":[{"href":"https:\/\/www.cdcipolletti.gob.ar\/index.php?rest_route=\/wp\/v2\/types\/post"}],"author":[{"embeddable":true,"href":"https:\/\/www.cdcipolletti.gob.ar\/index.php?rest_route=\/wp\/v2\/users\/5"}],"replies":[{"embeddable":true,"href":"https:\/\/www.cdcipolletti.gob.ar\/index.php?rest_route=%2Fwp%2Fv2%2Fcomments&post=1655"}],"version-history":[{"count":4,"href":"https:\/\/www.cdcipolletti.gob.ar\/index.php?rest_route=\/wp\/v2\/posts\/1655\/revisions"}],"predecessor-version":[{"id":1658,"href":"https:\/\/www.cdcipolletti.gob.ar\/index.php?rest_route=\/wp\/v2\/posts\/1655\/revisions\/1658"}],"wp:featuredmedia":[{"embeddable":true,"href":"https:\/\/www.cdcipolletti.gob.ar\/index.php?rest_route=\/wp\/v2\/media\/1657"}],"wp:attachment":[{"href":"https:\/\/www.cdcipolletti.gob.ar\/index.php?rest_route=%2Fwp%2Fv2%2Fmedia&parent=1655"}],"wp:term":[{"taxonomy":"category","embeddable":true,"href":"https:\/\/www.cdcipolletti.gob.ar\/index.php?rest_route=%2Fwp%2Fv2%2Fcategories&post=1655"},{"taxonomy":"post_tag","embeddable":true,"href":"https:\/\/www.cdcipolletti.gob.ar\/index.php?rest_route=%2Fwp%2Fv2%2Ftags&post=1655"}],"curies":[{"name":"wp","href":"https:\/\/api.w.org\/{rel}","templated":true}]}}