{"id":1355,"date":"2022-09-08T13:34:26","date_gmt":"2022-09-08T16:34:26","guid":{"rendered":"https:\/\/www.cdcipolletti.gob.ar\/?p=1355"},"modified":"2022-09-08T13:37:32","modified_gmt":"2022-09-08T16:37:32","slug":"los-ediles-se-reunieron-en-comision-de-hacienda-y-desarrollo-humano","status":"publish","type":"post","link":"https:\/\/www.cdcipolletti.gob.ar\/?p=1355","title":{"rendered":"LOS EDILES TRABAJARON EN COMISIONES DE HACIENDA Y DESARROLLO HUMANO"},"content":{"rendered":"<p>Este jueves desde las 9hs, los Concejales se reunieron en Comisiones de Hacienda, que preside Lorena Yensen, y de Desarrollo Humano y Familia, que es presidida por Flavia Boschi.<\/p>\n<p>Estuvo presente la Presidenta del CD, Silvana Larralde, y los Concejales Carlos Mart\u00ednez Larrea (PRO &#8211; Juntos por el Cambio), In\u00e9s Parra Mart\u00ednez (Juntos Somos R\u00edo Negro) y Horacio &#8220;Nacho&#8221; Pierucci (Frente de Todos).<\/p>\n<p><strong>COMISI\u00d3N DE HACIENDA<\/strong><\/p>\n<p>Expte. N\u00b0 14\/21: Poder Ejecutivo Municipal sobre Autorizar suscribir acuerdo de refinanciaci\u00f3n.<\/p>\n<p>Invitado: Adri\u00e1n Garnero (Secretario de Econom\u00eda y Hacienda del Gobierno de Cipolletti).<\/p>\n<p><img loading=\"lazy\" class=\"aligncenter wp-image-1357 size-large\" src=\"https:\/\/www.cdcipolletti.gob.ar\/wp-content\/uploads\/2022\/09\/DSC_7321_1-1024x1024.jpg\" alt=\"\" width=\"600\" height=\"600\" srcset=\"https:\/\/www.cdcipolletti.gob.ar\/wp-content\/uploads\/2022\/09\/DSC_7321_1-1024x1024.jpg 1024w, https:\/\/www.cdcipolletti.gob.ar\/wp-content\/uploads\/2022\/09\/DSC_7321_1-300x300.jpg 300w, https:\/\/www.cdcipolletti.gob.ar\/wp-content\/uploads\/2022\/09\/DSC_7321_1-150x150.jpg 150w, https:\/\/www.cdcipolletti.gob.ar\/wp-content\/uploads\/2022\/09\/DSC_7321_1-768x767.jpg 768w, https:\/\/www.cdcipolletti.gob.ar\/wp-content\/uploads\/2022\/09\/DSC_7321_1.jpg 1080w\" sizes=\"(max-width: 600px) 100vw, 600px\" \/><\/p>\n<p><strong>[Aprobado por unanimidad]<\/strong><\/p>\n<p><strong>COMISI\u00d3N DE DESARROLLO HUMANO Y FAMILIA<\/strong><\/p>\n<p>N\u00b0068\/22: Proyecto de Declaraci\u00f3n de Inter\u00e9s Municipal al 10\u00b0 Congreso Argentino de Presas y Aprovechamiento Multiprop\u00f3sito.<\/p>\n<p>Invitados: Ingenieros Enrique Blasco (Presidente del Comit\u00e9 Organizador del Congreso) y Fabi\u00e1n Restelli (Vicepresidente del Comit\u00e9 Argentino de Presas).<\/p>\n<p><img loading=\"lazy\" class=\"aligncenter wp-image-1356 size-full\" src=\"https:\/\/www.cdcipolletti.gob.ar\/wp-content\/uploads\/2022\/09\/DSC_7396.jpg\" alt=\"\" width=\"974\" height=\"974\" srcset=\"https:\/\/www.cdcipolletti.gob.ar\/wp-content\/uploads\/2022\/09\/DSC_7396.jpg 974w, https:\/\/www.cdcipolletti.gob.ar\/wp-content\/uploads\/2022\/09\/DSC_7396-300x300.jpg 300w, https:\/\/www.cdcipolletti.gob.ar\/wp-content\/uploads\/2022\/09\/DSC_7396-150x150.jpg 150w, https:\/\/www.cdcipolletti.gob.ar\/wp-content\/uploads\/2022\/09\/DSC_7396-768x768.jpg 768w\" sizes=\"(max-width: 974px) 100vw, 974px\" \/><\/p>\n<p><strong>[Aprobado por unanimidad]<\/strong><\/p>\n","protected":false},"excerpt":{"rendered":"<p>Este jueves desde las 9hs, los Concejales se reunieron en Comisiones de Hacienda, que preside Lorena Yensen, y de Desarrollo Humano y Familia, que es presidida por Flavia Boschi. Estuvo presente la Presidenta del CD, Silvana Larralde, y los Concejales Carlos Mart\u00ednez Larrea (PRO &#8211; Juntos por el Cambio), In\u00e9s Parra Mart\u00ednez (Juntos Somos R\u00edo &hellip; <\/p>\n<p class=\"link-more\"><a href=\"https:\/\/www.cdcipolletti.gob.ar\/?p=1355\" class=\"more-link\">more<span class=\"screen-reader-text\"> &#8220;LOS EDILES TRABAJARON EN COMISIONES DE HACIENDA Y DESARROLLO HUMANO&#8221;<\/span><\/a><\/p>\n","protected":false},"author":5,"featured_media":1358,"comment_status":"closed","ping_status":"closed","sticky":false,"template":"","format":"standard","meta":[],"categories":[1],"tags":[37,91,38],"_links":{"self":[{"href":"https:\/\/www.cdcipolletti.gob.ar\/index.php?rest_route=\/wp\/v2\/posts\/1355"}],"collection":[{"href":"https:\/\/www.cdcipolletti.gob.ar\/index.php?rest_route=\/wp\/v2\/posts"}],"about":[{"href":"https:\/\/www.cdcipolletti.gob.ar\/index.php?rest_route=\/wp\/v2\/types\/post"}],"author":[{"embeddable":true,"href":"https:\/\/www.cdcipolletti.gob.ar\/index.php?rest_route=\/wp\/v2\/users\/5"}],"replies":[{"embeddable":true,"href":"https:\/\/www.cdcipolletti.gob.ar\/index.php?rest_route=%2Fwp%2Fv2%2Fcomments&post=1355"}],"version-history":[{"count":2,"href":"https:\/\/www.cdcipolletti.gob.ar\/index.php?rest_route=\/wp\/v2\/posts\/1355\/revisions"}],"predecessor-version":[{"id":1360,"href":"https:\/\/www.cdcipolletti.gob.ar\/index.php?rest_route=\/wp\/v2\/posts\/1355\/revisions\/1360"}],"wp:featuredmedia":[{"embeddable":true,"href":"https:\/\/www.cdcipolletti.gob.ar\/index.php?rest_route=\/wp\/v2\/media\/1358"}],"wp:attachment":[{"href":"https:\/\/www.cdcipolletti.gob.ar\/index.php?rest_route=%2Fwp%2Fv2%2Fmedia&parent=1355"}],"wp:term":[{"taxonomy":"category","embeddable":true,"href":"https:\/\/www.cdcipolletti.gob.ar\/index.php?rest_route=%2Fwp%2Fv2%2Fcategories&post=1355"},{"taxonomy":"post_tag","embeddable":true,"href":"https:\/\/www.cdcipolletti.gob.ar\/index.php?rest_route=%2Fwp%2Fv2%2Ftags&post=1355"}],"curies":[{"name":"wp","href":"https:\/\/api.w.org\/{rel}","templated":true}]}}