{"id":1169,"date":"2022-07-06T12:47:24","date_gmt":"2022-07-06T15:47:24","guid":{"rendered":"https:\/\/www.cdcipolletti.gob.ar\/?p=1169"},"modified":"2022-07-06T12:47:24","modified_gmt":"2022-07-06T15:47:24","slug":"ediles-trabajaron-en-comision-de-obras-y-servicios-publicos","status":"publish","type":"post","link":"https:\/\/www.cdcipolletti.gob.ar\/?p=1169","title":{"rendered":"EDILES TRABAJARON EN COMISI\u00d3N DE OBRAS Y SERVICIOS P\u00daBLICOS"},"content":{"rendered":"<p>Este mi\u00e9rcoles desde las 8:30hs, los Concejales continuaron trabajando en la Modificaci\u00f3n del C\u00f3digo de Planeamiento Urbano y Rural en la Comisi\u00f3n de Obras y Servicios P\u00fablicos, que preside la Titular del CD Silvana Larralde.<\/p>\n<p><img loading=\"lazy\" class=\"aligncenter wp-image-1175 size-large\" src=\"https:\/\/www.cdcipolletti.gob.ar\/wp-content\/uploads\/2022\/07\/DSC_3133-1-1024x683.jpg\" alt=\"\" width=\"600\" height=\"400\" srcset=\"https:\/\/www.cdcipolletti.gob.ar\/wp-content\/uploads\/2022\/07\/DSC_3133-1-1024x683.jpg 1024w, https:\/\/www.cdcipolletti.gob.ar\/wp-content\/uploads\/2022\/07\/DSC_3133-1-300x200.jpg 300w, https:\/\/www.cdcipolletti.gob.ar\/wp-content\/uploads\/2022\/07\/DSC_3133-1-768x512.jpg 768w, https:\/\/www.cdcipolletti.gob.ar\/wp-content\/uploads\/2022\/07\/DSC_3133-1-1536x1024.jpg 1536w, https:\/\/www.cdcipolletti.gob.ar\/wp-content\/uploads\/2022\/07\/DSC_3133-1.jpg 1620w\" sizes=\"(max-width: 600px) 100vw, 600px\" \/><\/p>\n<p>Estuvieron presentes los Concejales Horacio Pierucci (bloque Frente de Todos), Carlos Mart\u00ednez Larrea y Flavia Boschi, del bloque PRO &#8211; Juntos por el Cambio, In\u00e9s Parra Mart\u00ednez y Lorena Yensen (bloque Juntos Somos R\u00edo Negro).<\/p>\n<p>. Proyecto de Ordenanza sobre Modificaci\u00f3n C\u00f3digo de Planeamiento Urbano. Iniciado por el Poder Ejecutivo Municipal &#8211; Direcci\u00f3n Gral. de Desarrollo Territorial.<\/p>\n<p>Invitados: Patricia Fern\u00e1ndez (Secretaria de Gobierno), Arquitecto Octavio Folatelli (Direcci\u00f3n General de Desarrollo Territorial) y su equipo de trabajo.<\/p>\n<p><img loading=\"lazy\" class=\"aligncenter wp-image-1173 size-large\" src=\"https:\/\/www.cdcipolletti.gob.ar\/wp-content\/uploads\/2022\/07\/DSC_3064-1024x683.jpg\" alt=\"\" width=\"600\" height=\"400\" srcset=\"https:\/\/www.cdcipolletti.gob.ar\/wp-content\/uploads\/2022\/07\/DSC_3064-1024x683.jpg 1024w, https:\/\/www.cdcipolletti.gob.ar\/wp-content\/uploads\/2022\/07\/DSC_3064-300x200.jpg 300w, https:\/\/www.cdcipolletti.gob.ar\/wp-content\/uploads\/2022\/07\/DSC_3064-768x512.jpg 768w, https:\/\/www.cdcipolletti.gob.ar\/wp-content\/uploads\/2022\/07\/DSC_3064-1536x1024.jpg 1536w, https:\/\/www.cdcipolletti.gob.ar\/wp-content\/uploads\/2022\/07\/DSC_3064.jpg 1620w\" sizes=\"(max-width: 600px) 100vw, 600px\" \/><\/p>\n","protected":false},"excerpt":{"rendered":"<p>Este mi\u00e9rcoles desde las 8:30hs, los Concejales continuaron trabajando en la Modificaci\u00f3n del C\u00f3digo de Planeamiento Urbano y Rural en la Comisi\u00f3n de Obras y Servicios P\u00fablicos, que preside la Titular del CD Silvana Larralde. Estuvieron presentes los Concejales Horacio Pierucci (bloque Frente de Todos), Carlos Mart\u00ednez Larrea y Flavia Boschi, del bloque PRO &#8211; &hellip; <\/p>\n<p class=\"link-more\"><a href=\"https:\/\/www.cdcipolletti.gob.ar\/?p=1169\" class=\"more-link\">more<span class=\"screen-reader-text\"> &#8220;EDILES TRABAJARON EN COMISI\u00d3N DE OBRAS Y SERVICIOS P\u00daBLICOS&#8221;<\/span><\/a><\/p>\n","protected":false},"author":5,"featured_media":1174,"comment_status":"closed","ping_status":"closed","sticky":false,"template":"","format":"standard","meta":[],"categories":[1],"tags":[31,67,66,36,68,69],"_links":{"self":[{"href":"https:\/\/www.cdcipolletti.gob.ar\/index.php?rest_route=\/wp\/v2\/posts\/1169"}],"collection":[{"href":"https:\/\/www.cdcipolletti.gob.ar\/index.php?rest_route=\/wp\/v2\/posts"}],"about":[{"href":"https:\/\/www.cdcipolletti.gob.ar\/index.php?rest_route=\/wp\/v2\/types\/post"}],"author":[{"embeddable":true,"href":"https:\/\/www.cdcipolletti.gob.ar\/index.php?rest_route=\/wp\/v2\/users\/5"}],"replies":[{"embeddable":true,"href":"https:\/\/www.cdcipolletti.gob.ar\/index.php?rest_route=%2Fwp%2Fv2%2Fcomments&post=1169"}],"version-history":[{"count":1,"href":"https:\/\/www.cdcipolletti.gob.ar\/index.php?rest_route=\/wp\/v2\/posts\/1169\/revisions"}],"predecessor-version":[{"id":1176,"href":"https:\/\/www.cdcipolletti.gob.ar\/index.php?rest_route=\/wp\/v2\/posts\/1169\/revisions\/1176"}],"wp:featuredmedia":[{"embeddable":true,"href":"https:\/\/www.cdcipolletti.gob.ar\/index.php?rest_route=\/wp\/v2\/media\/1174"}],"wp:attachment":[{"href":"https:\/\/www.cdcipolletti.gob.ar\/index.php?rest_route=%2Fwp%2Fv2%2Fmedia&parent=1169"}],"wp:term":[{"taxonomy":"category","embeddable":true,"href":"https:\/\/www.cdcipolletti.gob.ar\/index.php?rest_route=%2Fwp%2Fv2%2Fcategories&post=1169"},{"taxonomy":"post_tag","embeddable":true,"href":"https:\/\/www.cdcipolletti.gob.ar\/index.php?rest_route=%2Fwp%2Fv2%2Ftags&post=1169"}],"curies":[{"name":"wp","href":"https:\/\/api.w.org\/{rel}","templated":true}]}}