{"id":1120,"date":"2022-06-22T13:56:42","date_gmt":"2022-06-22T16:56:42","guid":{"rendered":"https:\/\/www.cdcipolletti.gob.ar\/?p=1120"},"modified":"2022-06-22T14:24:17","modified_gmt":"2022-06-22T17:24:17","slug":"el-deliberante-sesionara-este-jueves","status":"publish","type":"post","link":"https:\/\/www.cdcipolletti.gob.ar\/?p=1120","title":{"rendered":"EL DELIBERANTE SESIONAR\u00c1 ESTE JUEVES"},"content":{"rendered":"<p><strong>El Concejo Deliberante de Cipolletti realizar\u00e1 la Sesi\u00f3n Ordinaria N\u00b0 998 en la Sala Cafeter\u00eda del Complejo Cultural Cipolletti, desde las 8:30 de la ma\u00f1ana del jueves 23 de junio; la misma podr\u00e1 verse por <a href=\"https:\/\/www.facebook.com\/concejodeliberantecipolletti\">streaming a trav\u00e9s de la P\u00e1gina de Facebook del CD<\/a>.<\/strong><\/p>\n<p>En la Sesi\u00f3n, los ediles deliberar\u00e1n y votar\u00e1n sobre los siguientes temarios:<\/p>\n<p>&nbsp;<\/p>\n<p><strong>EXPEDIENTES SOBRE TABLAS<\/strong><\/p>\n<p>. Proyecto Resoluci\u00f3n presentado por la Presidenta Silvana Larralde (Bloque JSRN) sobre la Designaci\u00f3n del Secretario Legislativo Dr. Ariel Mercado Ochoa.<\/p>\n<p>. Proyecto de Ordenanza presentado por SITRAMUSI sobre la declaraci\u00f3n de inter\u00e9s municipal al Primer Congreso Patag\u00f3nico \u201cConvenio Colectivo de Trabajo\u201d.<\/p>\n<p>. Proyecto de Declaraci\u00f3n presentado por la Presidenta Silvana Larralde (Bloque JSRN) sobre declarar de inter\u00e9s municipal el \u201c50\u00b0 Aniversario de la Iglesia Evang\u00e9lica Bautista El Redentor\u201d.<\/p>\n<p>&nbsp;<\/p>\n<p>PROYECTOS PRESENTADOS<\/p>\n<p>. Proyecto de Ordenanza presentado por la Concejal Flavia Boschi (Bloque Pro-JxC) sobre la modificaci\u00f3n del art\u00edculo N\u00b0 67 del C\u00f3digo de Comercio. <strong>[A Comisi\u00f3n de GOBIERNO]<\/strong><\/p>\n<p>. Proyecto de Ordenanza presentado por la Concejala Victoria Alfonso (Bloque FdT) sobre adherir a la Ley Prov. R.N. N\u00b0 5002 &#8211; Creaci\u00f3n plan de recuperaci\u00f3n de neum\u00e1ticos. <strong>[A Comisi\u00f3n de GOBIERNO y Comisi\u00f3n de ECOLOG\u00cdA Y MEDIO AMBIENTE]<\/strong><\/p>\n<p>. Proyecto de Ordenanza presentado por el Concejal Carlos Mart\u00ednez Larrea (Bloque Pro-JxC) sobre la instalaci\u00f3n de un Cinerario en Parroquia San Juan Bosco. <strong>[A Comisi\u00f3n de GOBIERNO]<\/strong><\/p>\n<p>. Proyecto de Ordenanza presentado por la Concejala Victoria Alfonso (Bloque FdT) sobre la declaraci\u00f3n de emergencia dominial en Barrio Las Perlas. <strong>[A Comisi\u00f3n de GOBIERNO]<\/strong><\/p>\n<p>. Proyecto de Ordenanza presentado por la Concejala Victoria Alfonso (Bloque FdT) sobre Modificar Estatuto del Empleado P\u00fablico Municipal. <strong>[A Comisi\u00f3n de GOBIERNO]<\/strong><\/p>\n<p>. Proyecto de Declaraci\u00f3n presentado por Concejal Lorena Yensen (Bloque JSRN) sobre declarar de inter\u00e9s municipal a la Radio de frecuencia modulada \u201cMe gusta\u201d. <strong>[A Comisi\u00f3n de DESARROLLO HUMANO Y FAMILIA]<\/strong><\/p>\n<p>. Proyecto de Ordenanza iniciado por el Poder Ejecutivo Municipal sobre la modificaci\u00f3n del organigrama del PEM. <strong>[A Comisi\u00f3n de GOBIERNO]<\/strong><\/p>\n<p>. Proyecto de Ordenanza iniciado por el Poder Ejecutivo Municipal sobre ratificar el convenio entre la Municipalidad de Cipolletti y Forestadora del Limay. <strong>[A Comisi\u00f3n de GOBIERNO]<\/strong><\/p>\n<p>. Proyecto de Ordenanza iniciado por el Poder Ejecutivo Municipal sobre la modificaci\u00f3n del C\u00f3digo de Planeamiento Urbano. <strong>[A Comisi\u00f3n de OBRAS Y SERVICIOS P\u00daBLICOS y Comisi\u00f3n de GOBIERNO]<\/strong><\/p>\n<p>. Proyecto de Ordenanza presentado por vecinos de la ciudad, Joaqu\u00edn Miguel, Sebasti\u00e1n Chac\u00f3n y Gabriela Zudaire, sobre la obligatoriedad de presentar certificado de antecedentes a servidores p\u00fablicos. <strong>[A Comisi\u00f3n de GOBIERNO]<\/strong><\/p>\n<p>. Poder Ejecutivo Municipal (Herederos Dr. Julio Salto) solicita se deje sin efecto declaraci\u00f3n de patrimonio hist\u00f3rico a INM H-676-11. <strong>[A Comisi\u00f3n de GOBIERNO]<\/strong><\/p>\n<p>. Poder Ejecutivo Municipal sobre la Cuenta General 2021. <strong>[A Comisi\u00f3n de HACIENDA]<\/strong><\/p>\n<p>. Proyecto de Ordenanza presentado por el Concejal Carlos Mart\u00ednez Larrea (Bloque PRO &#8211; Juntos por el Cambio) sobre designar a espacio verde Mart\u00edn Miguel de G\u00fcemes. <strong>[A Comisi\u00f3n de GOBIERNO].<\/strong><\/p>\n<p>&nbsp;<\/p>\n<p><strong>DESPACHOS DE COMISI\u00d3N<\/strong><\/p>\n<p><strong>COMISI\u00d3N de DESARROLLO HUMANO y FAMILIA<\/strong><\/p>\n<p>. Proyecto de Ordenanza presentado por la Concejal Lorena Yensen (Bloque JSRN) sobre &#8220;Reconocimiento a mujeres que Inspiran&#8221;.<\/p>\n<p>. Proyecto de Ordenanza presentado por Concejalas Victoria Alfonso (Bloque FdT) y Silvana Larralde (Bloque JSRN) sobre Cupo Femenino y acceso de artistas mujeres a eventos musicales\u00a0 &#8211; Adhesi\u00f3n Ley Nac. 27539.<\/p>\n<p>&nbsp;<\/p>\n<p><strong>COMISI\u00d3N DE GOBIERNO<\/strong><\/p>\n<p>. Poder Judicial \u2013 Prov. de Rio Negro sobre la designaci\u00f3n del cargo de Juez\/a de Paz titular de Cipolletti.<\/p>\n<p>. Proyecto de Ordenanza presentado por Concejal Silvana Larralde (Bloque JSRN) sobre el Programa &#8220;Legislando con las escuelas &#8211; Concejal por un d\u00eda&#8221;.<\/p>\n<p>. Proyecto de Ordenanza presentado por la Concejal Lorena Yensen (Bloque JSRN) sobre designar al espacio verde del Barrio San Lorenzo con el nombre de \u201cJos\u00e9 Jer\u00f3nimo Lagos\u201d.<\/p>\n<p>. Proyecto de Ordenanza de Fondo presentado por Concejal Lorena Yensen (Bloque JSRN) sobre consagrar y regular en el Municipio el Instituto de la Audiencia P\u00fablica.<\/p>\n","protected":false},"excerpt":{"rendered":"<p>El Concejo Deliberante de Cipolletti realizar\u00e1 la Sesi\u00f3n Ordinaria N\u00b0 998 en la Sala Cafeter\u00eda del Complejo Cultural Cipolletti, desde las 8:30 de la ma\u00f1ana del jueves 23 de junio; la misma podr\u00e1 verse por streaming a trav\u00e9s de la P\u00e1gina de Facebook del CD. En la Sesi\u00f3n, los ediles deliberar\u00e1n y votar\u00e1n sobre los &hellip; <\/p>\n<p class=\"link-more\"><a href=\"https:\/\/www.cdcipolletti.gob.ar\/?p=1120\" class=\"more-link\">more<span class=\"screen-reader-text\"> &#8220;EL DELIBERANTE SESIONAR\u00c1 ESTE JUEVES&#8221;<\/span><\/a><\/p>\n","protected":false},"author":5,"featured_media":1121,"comment_status":"closed","ping_status":"closed","sticky":false,"template":"","format":"standard","meta":[],"categories":[1],"tags":[30,36,40],"_links":{"self":[{"href":"https:\/\/www.cdcipolletti.gob.ar\/index.php?rest_route=\/wp\/v2\/posts\/1120"}],"collection":[{"href":"https:\/\/www.cdcipolletti.gob.ar\/index.php?rest_route=\/wp\/v2\/posts"}],"about":[{"href":"https:\/\/www.cdcipolletti.gob.ar\/index.php?rest_route=\/wp\/v2\/types\/post"}],"author":[{"embeddable":true,"href":"https:\/\/www.cdcipolletti.gob.ar\/index.php?rest_route=\/wp\/v2\/users\/5"}],"replies":[{"embeddable":true,"href":"https:\/\/www.cdcipolletti.gob.ar\/index.php?rest_route=%2Fwp%2Fv2%2Fcomments&post=1120"}],"version-history":[{"count":4,"href":"https:\/\/www.cdcipolletti.gob.ar\/index.php?rest_route=\/wp\/v2\/posts\/1120\/revisions"}],"predecessor-version":[{"id":1125,"href":"https:\/\/www.cdcipolletti.gob.ar\/index.php?rest_route=\/wp\/v2\/posts\/1120\/revisions\/1125"}],"wp:featuredmedia":[{"embeddable":true,"href":"https:\/\/www.cdcipolletti.gob.ar\/index.php?rest_route=\/wp\/v2\/media\/1121"}],"wp:attachment":[{"href":"https:\/\/www.cdcipolletti.gob.ar\/index.php?rest_route=%2Fwp%2Fv2%2Fmedia&parent=1120"}],"wp:term":[{"taxonomy":"category","embeddable":true,"href":"https:\/\/www.cdcipolletti.gob.ar\/index.php?rest_route=%2Fwp%2Fv2%2Fcategories&post=1120"},{"taxonomy":"post_tag","embeddable":true,"href":"https:\/\/www.cdcipolletti.gob.ar\/index.php?rest_route=%2Fwp%2Fv2%2Ftags&post=1120"}],"curies":[{"name":"wp","href":"https:\/\/api.w.org\/{rel}","templated":true}]}}